{"id":3800,"date":"2023-02-23T17:46:10","date_gmt":"2023-02-23T14:46:10","guid":{"rendered":"https:\/\/tekcevisa.com\/?p=3800"},"modified":"2023-06-06T11:15:32","modified_gmt":"2023-06-06T08:15:32","slug":"portekiz-golden-visa-uygukamasini-sonlandirmaya-karar-verdi","status":"publish","type":"post","link":"https:\/\/tekcevisa.com\/tr\/portekiz-golden-visa-uygukamasini-sonlandirmaya-karar-verdi\/","title":{"rendered":"Portekiz Golden Visa Uygulamas\u0131n\u0131 Sonland\u0131rmaya Karar Verdi"},"content":{"rendered":"<p>Portekiz H\u00fck\u00fcmeti, yabanc\u0131lara oturma hakk\u0131 tan\u0131yan Alt\u0131n Vize (Golden Visa) program\u0131n\u0131 kald\u0131rmaya karar verdiklerini duyurdu. Bu karar ile \u00fclkedeki konut krizinin \u00f6n\u00fcne ge\u00e7ilmesi bekleniyor.<\/p>\n<p>H\u00e2l\u00e2 taslak a\u015famas\u0131nda olan karara g\u00f6re, <a href=\"https:\/\/tekcevisa.com\/tr\/oturum-izni\/portekiz\/\" target=\"_blank\" rel=\"noopener\">Portekiz\u2019de gayrimenkul yat\u0131r\u0131m\u0131 ile Alt\u0131n Vize<\/a> ba\u015fvurusu ger\u00e7ekle\u015ftirilen ki\u015filer, sat\u0131n ald\u0131klar\u0131 evde kendileri veya aile \u00fcyeleri halen ya\u015f\u0131yorsa vizelerini yenileyebilecekler. Gayrimenkul\u00fcn\u00fc kiralayanlar da vizeyi yenileme hakk\u0131na sahip olacak.<\/p>\n<p><img decoding=\"async\" class=\" wp-image-4765 aligncenter\" src=\"https:\/\/tekcevisa.com\/tr\/wp-content\/uploads\/2023\/02\/lisbon-portugal-skyline-2021-08-26-18-12-59-utc-300x109.jpeg\" alt=\"\" width=\"1011\" height=\"367\" srcset=\"https:\/\/tekcevisa.com\/tr\/wp-content\/uploads\/2023\/02\/lisbon-portugal-skyline-2021-08-26-18-12-59-utc-300x109.jpeg 300w, https:\/\/tekcevisa.com\/tr\/wp-content\/uploads\/2023\/02\/lisbon-portugal-skyline-2021-08-26-18-12-59-utc-1024x373.jpeg 1024w, https:\/\/tekcevisa.com\/tr\/wp-content\/uploads\/2023\/02\/lisbon-portugal-skyline-2021-08-26-18-12-59-utc-768x280.jpeg 768w, https:\/\/tekcevisa.com\/tr\/wp-content\/uploads\/2023\/02\/lisbon-portugal-skyline-2021-08-26-18-12-59-utc-260x95.jpeg 260w, https:\/\/tekcevisa.com\/tr\/wp-content\/uploads\/2023\/02\/lisbon-portugal-skyline-2021-08-26-18-12-59-utc-50x18.jpeg 50w, https:\/\/tekcevisa.com\/tr\/wp-content\/uploads\/2023\/02\/lisbon-portugal-skyline-2021-08-26-18-12-59-utc-150x55.jpeg 150w\" sizes=\"(max-width: 1011px) 100vw, 1011px\" \/><\/p>\n<p>Ek olarak, k\u00fclt\u00fcrel projelere yat\u0131r\u0131m yapmak gibi gayrimenkul yat\u0131r\u0131m\u0131 ile ilgili olmayan ama\u00e7larla Alt\u0131n Vize alanlar\u0131n Portekiz&#8217;deki ikametlerini uygun bir \u015fekilde yenilemelerine izin verilecek.<\/p>\n<p>Ba\u015fbakan Ant\u00f3nio Costa&#8217;ya g\u00f6re karar &#8220;\u00fclkedeki gayrimenkul krizini \u00f6nlemeye y\u00f6nelik bir hareket&#8221; ve piyasadaki y\u00fcksek kira fiyatland\u0131rmas\u0131n\u0131n \u00f6n\u00fcne ge\u00e7ecek. Konu\u015fmas\u0131nda sadece emlak piyasas\u0131 sorunlar\u0131na de\u011finerek h\u00fck\u00fcmetin program\u0131 tamamen iptal etmeyi d\u00fc\u015f\u00fcnd\u00fc\u011f\u00fcn\u00fc de ifade etti.<\/p>\n<p>Karar mecliste oyland\u0131ktan sonra, detayland\u0131r\u0131lacak ve cumhurba\u015fkan\u0131n\u0131n onay\u0131na sunulacak. S\u00fcrecin 1 ile 2 ay s\u00fcrmesi bekleniyor. Parlamentodaki \u00e7o\u011funluk, do\u011frudan de\u011fi\u015fiklik yapma yetkisine sahip olan iktidar partisi taraf\u0131ndan temsil edildi\u011fi i\u00e7in onaylanmas\u0131 kesin g\u00f6z\u00fckmekte.<\/p>\n<p>Bu nedenle, Protekiz\u2019deki Alt\u0131n Vizeye uygun sat\u0131l\u0131k gayrimenkullere yat\u0131r\u0131m yaparak programa ba\u015fvurmay\u0131 d\u00fc\u015f\u00fcn\u00fcyorsan\u0131z, yasan\u0131n y\u00fcr\u00fcrl\u00fc\u011fe girmesinden \u00f6nce i\u015flemlerinizi tamamlaman\u0131z\u0131 \u00f6neririz. Tekce Visa uzmanlar\u0131m\u0131z, s\u00fcreci dikkatle takip ederek ba\u015fvurular\u0131n\u0131z\u0131 en h\u0131zl\u0131 \u015fekilde halletmektedir.<\/p>\n<p><a href=\"https:\/\/tekcevisa.com\/tr\/oturum-izni\/portekiz\/portekizde-golden-visa\/\" target=\"_blank\" rel=\"noopener\">Portekiz\u2019de Golden Visa (Alt\u0131n Vize) Al\u0131m\u0131<\/a> yaz\u0131m\u0131zdan s\u00fcre\u00e7 hakk\u0131nda daha fazla bilgi edinebilirsiniz. Kararla ilgili en son geli\u015fmeleri \u00f6\u011frenmek ve s\u00fcreci hemen ba\u015flatmak i\u00e7in bizimle ileti\u015fime ge\u00e7mekten \u00e7ekinmeyin.<\/p>\n<p>Ba\u015fbakan Ant\u00f3nio Costa\u2019n\u0131n konu\u015fmas\u0131n\u0131 dinlemek i\u00e7in <a href=\"https:\/\/www.youtube.com\/embed\/iuGquiU7BAo\">buraya t\u0131klayabilirsiniz<\/a>.<\/p>\n","protected":false},"excerpt":{"rendered":"<p>Portekiz H\u00fck\u00fcmeti, yabanc\u0131lara oturma hakk\u0131 tan\u0131yan Alt\u0131n Vize (Golden Visa)<span class=\"excerpt-hellip\"> [\u2026]<\/span><\/p>\n","protected":false},"author":6,"featured_media":4763,"comment_status":"open","ping_status":"closed","sticky":false,"template":"","format":"standard","meta":{"footnotes":""},"categories":[6],"tags":[],"class_list":["post-3800","post","type-post","status-publish","format-standard","has-post-thumbnail","hentry","category-haberler"],"yoast_head":"<!-- This site is optimized with the Yoast SEO plugin v24.2 - https:\/\/yoast.com\/wordpress\/plugins\/seo\/ -->\n<title>Portekiz Golden Visa Program\u0131n\u0131 Kald\u0131rma Karar\u0131 Ald\u0131<\/title>\n<meta name=\"description\" content=\"Portekiz h\u00fck\u00fcmeti, Golden Visa (Alt\u0131n Vize) program\u0131n\u0131 y\u00fcr\u00fcrl\u00fckten kald\u0131rma karar\u0131 ald\u0131. Yasa tasar\u0131s\u0131 hakk\u0131nda konu\u015fmalar\u0131 yaz\u0131m\u0131zda bulabilirsiniz.\" \/>\n<meta name=\"robots\" content=\"index, follow, max-snippet:-1, max-image-preview:large, max-video-preview:-1\" \/>\n<link rel=\"canonical\" href=\"https:\/\/tekcevisa.com\/tr\/portekiz-golden-visa-uygukamasini-sonlandirmaya-karar-verdi\/\" \/>\n<meta property=\"og:locale\" content=\"tr_TR\" \/>\n<meta property=\"og:type\" content=\"article\" \/>\n<meta property=\"og:title\" content=\"Portekiz Golden Visa Program\u0131n\u0131 Kald\u0131rma Karar\u0131 Ald\u0131\" \/>\n<meta property=\"og:description\" content=\"Portekiz h\u00fck\u00fcmeti, Golden Visa (Alt\u0131n Vize) program\u0131n\u0131 y\u00fcr\u00fcrl\u00fckten kald\u0131rma karar\u0131 ald\u0131. Yasa tasar\u0131s\u0131 hakk\u0131nda konu\u015fmalar\u0131 yaz\u0131m\u0131zda bulabilirsiniz.\" \/>\n<meta property=\"og:url\" content=\"https:\/\/tekcevisa.com\/tr\/portekiz-golden-visa-uygukamasini-sonlandirmaya-karar-verdi\/\" \/>\n<meta property=\"og:site_name\" content=\"Tekce Visa\" \/>\n<meta property=\"article:publisher\" content=\"https:\/\/www.instagram.com\/tekcevisa\/\" \/>\n<meta property=\"article:published_time\" content=\"2023-02-23T14:46:10+00:00\" \/>\n<meta property=\"article:modified_time\" content=\"2023-06-06T08:15:32+00:00\" \/>\n<meta property=\"og:image\" content=\"https:\/\/tekcevisa.com\/tr\/wp-content\/uploads\/2023\/02\/documento-visto-para-portugal-1024x683-1.jpg.optimal-1.jpg\" \/>\n\t<meta property=\"og:image:width\" content=\"1024\" \/>\n\t<meta property=\"og:image:height\" content=\"683\" \/>\n\t<meta property=\"og:image:type\" content=\"image\/jpeg\" \/>\n<meta name=\"author\" content=\"adminbayramtr\" \/>\n<meta name=\"twitter:card\" content=\"summary_large_image\" \/>\n<meta name=\"twitter:label1\" content=\"Yazan:\" \/>\n\t<meta name=\"twitter:data1\" content=\"adminbayramtr\" \/>\n\t<meta name=\"twitter:label2\" content=\"Tahmini okuma s\u00fcresi\" \/>\n\t<meta name=\"twitter:data2\" content=\"2 dakika\" \/>\n<script type=\"application\/ld+json\" class=\"yoast-schema-graph\">{\"@context\":\"https:\/\/schema.org\",\"@graph\":[{\"@type\":\"Article\",\"@id\":\"https:\/\/tekcevisa.com\/tr\/portekiz-golden-visa-uygukamasini-sonlandirmaya-karar-verdi\/#article\",\"isPartOf\":{\"@id\":\"https:\/\/tekcevisa.com\/tr\/portekiz-golden-visa-uygukamasini-sonlandirmaya-karar-verdi\/\"},\"author\":{\"name\":\"adminbayramtr\",\"@id\":\"https:\/\/tekcevisa.com\/tr\/#\/schema\/person\/2d2e96e0379e51d8b181bf60b52f2942\"},\"headline\":\"Portekiz Golden Visa Uygulamas\u0131n\u0131 Sonland\u0131rmaya Karar Verdi\",\"datePublished\":\"2023-02-23T14:46:10+00:00\",\"dateModified\":\"2023-06-06T08:15:32+00:00\",\"mainEntityOfPage\":{\"@id\":\"https:\/\/tekcevisa.com\/tr\/portekiz-golden-visa-uygukamasini-sonlandirmaya-karar-verdi\/\"},\"wordCount\":339,\"commentCount\":0,\"publisher\":{\"@id\":\"https:\/\/tekcevisa.com\/tr\/#organization\"},\"image\":{\"@id\":\"https:\/\/tekcevisa.com\/tr\/portekiz-golden-visa-uygukamasini-sonlandirmaya-karar-verdi\/#primaryimage\"},\"thumbnailUrl\":\"https:\/\/tekcevisa.com\/tr\/wp-content\/uploads\/2023\/02\/documento-visto-para-portugal-1024x683-1.jpg.optimal-1.jpg\",\"articleSection\":[\"Haberler\"],\"inLanguage\":\"tr\",\"potentialAction\":[{\"@type\":\"CommentAction\",\"name\":\"Comment\",\"target\":[\"https:\/\/tekcevisa.com\/tr\/portekiz-golden-visa-uygukamasini-sonlandirmaya-karar-verdi\/#respond\"]}]},{\"@type\":\"WebPage\",\"@id\":\"https:\/\/tekcevisa.com\/tr\/portekiz-golden-visa-uygukamasini-sonlandirmaya-karar-verdi\/\",\"url\":\"https:\/\/tekcevisa.com\/tr\/portekiz-golden-visa-uygukamasini-sonlandirmaya-karar-verdi\/\",\"name\":\"Portekiz Golden Visa Program\u0131n\u0131 Kald\u0131rma Karar\u0131 Ald\u0131\",\"isPartOf\":{\"@id\":\"https:\/\/tekcevisa.com\/tr\/#website\"},\"primaryImageOfPage\":{\"@id\":\"https:\/\/tekcevisa.com\/tr\/portekiz-golden-visa-uygukamasini-sonlandirmaya-karar-verdi\/#primaryimage\"},\"image\":{\"@id\":\"https:\/\/tekcevisa.com\/tr\/portekiz-golden-visa-uygukamasini-sonlandirmaya-karar-verdi\/#primaryimage\"},\"thumbnailUrl\":\"https:\/\/tekcevisa.com\/tr\/wp-content\/uploads\/2023\/02\/documento-visto-para-portugal-1024x683-1.jpg.optimal-1.jpg\",\"datePublished\":\"2023-02-23T14:46:10+00:00\",\"dateModified\":\"2023-06-06T08:15:32+00:00\",\"description\":\"Portekiz h\u00fck\u00fcmeti, Golden Visa (Alt\u0131n Vize) program\u0131n\u0131 y\u00fcr\u00fcrl\u00fckten kald\u0131rma karar\u0131 ald\u0131. Yasa tasar\u0131s\u0131 hakk\u0131nda konu\u015fmalar\u0131 yaz\u0131m\u0131zda bulabilirsiniz.\",\"breadcrumb\":{\"@id\":\"https:\/\/tekcevisa.com\/tr\/portekiz-golden-visa-uygukamasini-sonlandirmaya-karar-verdi\/#breadcrumb\"},\"inLanguage\":\"tr\",\"potentialAction\":[{\"@type\":\"ReadAction\",\"target\":[\"https:\/\/tekcevisa.com\/tr\/portekiz-golden-visa-uygukamasini-sonlandirmaya-karar-verdi\/\"]}]},{\"@type\":\"ImageObject\",\"inLanguage\":\"tr\",\"@id\":\"https:\/\/tekcevisa.com\/tr\/portekiz-golden-visa-uygukamasini-sonlandirmaya-karar-verdi\/#primaryimage\",\"url\":\"https:\/\/tekcevisa.com\/tr\/wp-content\/uploads\/2023\/02\/documento-visto-para-portugal-1024x683-1.jpg.optimal-1.jpg\",\"contentUrl\":\"https:\/\/tekcevisa.com\/tr\/wp-content\/uploads\/2023\/02\/documento-visto-para-portugal-1024x683-1.jpg.optimal-1.jpg\",\"width\":1024,\"height\":683},{\"@type\":\"BreadcrumbList\",\"@id\":\"https:\/\/tekcevisa.com\/tr\/portekiz-golden-visa-uygukamasini-sonlandirmaya-karar-verdi\/#breadcrumb\",\"itemListElement\":[{\"@type\":\"ListItem\",\"position\":1,\"name\":\"Ana Sayfa\",\"item\":\"https:\/\/tekcevisa.com\/tr\/\"},{\"@type\":\"ListItem\",\"position\":2,\"name\":\"Portekiz Golden Visa Uygulamas\u0131n\u0131 Sonland\u0131rmaya Karar Verdi\"}]},{\"@type\":\"WebSite\",\"@id\":\"https:\/\/tekcevisa.com\/tr\/#website\",\"url\":\"https:\/\/tekcevisa.com\/tr\/\",\"name\":\"Tekce Visa - Uluslararas\u0131 Hukuki Dan\u0131\u015fmanl\u0131k\",\"description\":\"Uluslararas\u0131 Hukuki Dan\u0131\u015fmanl\u0131k\",\"publisher\":{\"@id\":\"https:\/\/tekcevisa.com\/tr\/#organization\"},\"potentialAction\":[{\"@type\":\"SearchAction\",\"target\":{\"@type\":\"EntryPoint\",\"urlTemplate\":\"https:\/\/tekcevisa.com\/tr\/?s={search_term_string}\"},\"query-input\":{\"@type\":\"PropertyValueSpecification\",\"valueRequired\":true,\"valueName\":\"search_term_string\"}}],\"inLanguage\":\"tr\"},{\"@type\":\"Organization\",\"@id\":\"https:\/\/tekcevisa.com\/tr\/#organization\",\"name\":\"Tekce Visa\",\"url\":\"https:\/\/tekcevisa.com\/tr\/\",\"logo\":{\"@type\":\"ImageObject\",\"inLanguage\":\"tr\",\"@id\":\"https:\/\/tekcevisa.com\/tr\/#\/schema\/logo\/image\/\",\"url\":\"https:\/\/tekcevisa.com\/tr\/wp-content\/uploads\/2025\/08\/ah-tekce-visa-opened-1-removebg-preview.png\",\"contentUrl\":\"https:\/\/tekcevisa.com\/tr\/wp-content\/uploads\/2025\/08\/ah-tekce-visa-opened-1-removebg-preview.png\",\"width\":360,\"height\":360,\"caption\":\"Tekce Visa\"},\"image\":{\"@id\":\"https:\/\/tekcevisa.com\/tr\/#\/schema\/logo\/image\/\"},\"sameAs\":[\"https:\/\/www.instagram.com\/tekcevisa\/\"]},{\"@type\":\"Person\",\"@id\":\"https:\/\/tekcevisa.com\/tr\/#\/schema\/person\/2d2e96e0379e51d8b181bf60b52f2942\",\"name\":\"adminbayramtr\",\"image\":{\"@type\":\"ImageObject\",\"inLanguage\":\"tr\",\"@id\":\"https:\/\/tekcevisa.com\/tr\/#\/schema\/person\/image\/\",\"url\":\"https:\/\/secure.gravatar.com\/avatar\/b4d030d86004ebef13e745b1e1cb84aacfdf30b7e02619862277f1649ec3b137?s=96&d=mm&r=g\",\"contentUrl\":\"https:\/\/secure.gravatar.com\/avatar\/b4d030d86004ebef13e745b1e1cb84aacfdf30b7e02619862277f1649ec3b137?s=96&d=mm&r=g\",\"caption\":\"adminbayramtr\"}}]}<\/script>\n<!-- \/ Yoast SEO plugin. -->","yoast_head_json":{"title":"Portekiz Golden Visa Program\u0131n\u0131 Kald\u0131rma Karar\u0131 Ald\u0131","description":"Portekiz h\u00fck\u00fcmeti, Golden Visa (Alt\u0131n Vize) program\u0131n\u0131 y\u00fcr\u00fcrl\u00fckten kald\u0131rma karar\u0131 ald\u0131. Yasa tasar\u0131s\u0131 hakk\u0131nda konu\u015fmalar\u0131 yaz\u0131m\u0131zda bulabilirsiniz.","robots":{"index":"index","follow":"follow","max-snippet":"max-snippet:-1","max-image-preview":"max-image-preview:large","max-video-preview":"max-video-preview:-1"},"canonical":"https:\/\/tekcevisa.com\/tr\/portekiz-golden-visa-uygukamasini-sonlandirmaya-karar-verdi\/","og_locale":"tr_TR","og_type":"article","og_title":"Portekiz Golden Visa Program\u0131n\u0131 Kald\u0131rma Karar\u0131 Ald\u0131","og_description":"Portekiz h\u00fck\u00fcmeti, Golden Visa (Alt\u0131n Vize) program\u0131n\u0131 y\u00fcr\u00fcrl\u00fckten kald\u0131rma karar\u0131 ald\u0131. Yasa tasar\u0131s\u0131 hakk\u0131nda konu\u015fmalar\u0131 yaz\u0131m\u0131zda bulabilirsiniz.","og_url":"https:\/\/tekcevisa.com\/tr\/portekiz-golden-visa-uygukamasini-sonlandirmaya-karar-verdi\/","og_site_name":"Tekce Visa","article_publisher":"https:\/\/www.instagram.com\/tekcevisa\/","article_published_time":"2023-02-23T14:46:10+00:00","article_modified_time":"2023-06-06T08:15:32+00:00","og_image":[{"width":1024,"height":683,"url":"https:\/\/tekcevisa.com\/tr\/wp-content\/uploads\/2023\/02\/documento-visto-para-portugal-1024x683-1.jpg.optimal-1.jpg","type":"image\/jpeg"}],"author":"adminbayramtr","twitter_card":"summary_large_image","twitter_misc":{"Yazan:":"adminbayramtr","Tahmini okuma s\u00fcresi":"2 dakika"},"schema":{"@context":"https:\/\/schema.org","@graph":[{"@type":"Article","@id":"https:\/\/tekcevisa.com\/tr\/portekiz-golden-visa-uygukamasini-sonlandirmaya-karar-verdi\/#article","isPartOf":{"@id":"https:\/\/tekcevisa.com\/tr\/portekiz-golden-visa-uygukamasini-sonlandirmaya-karar-verdi\/"},"author":{"name":"adminbayramtr","@id":"https:\/\/tekcevisa.com\/tr\/#\/schema\/person\/2d2e96e0379e51d8b181bf60b52f2942"},"headline":"Portekiz Golden Visa Uygulamas\u0131n\u0131 Sonland\u0131rmaya Karar Verdi","datePublished":"2023-02-23T14:46:10+00:00","dateModified":"2023-06-06T08:15:32+00:00","mainEntityOfPage":{"@id":"https:\/\/tekcevisa.com\/tr\/portekiz-golden-visa-uygukamasini-sonlandirmaya-karar-verdi\/"},"wordCount":339,"commentCount":0,"publisher":{"@id":"https:\/\/tekcevisa.com\/tr\/#organization"},"image":{"@id":"https:\/\/tekcevisa.com\/tr\/portekiz-golden-visa-uygukamasini-sonlandirmaya-karar-verdi\/#primaryimage"},"thumbnailUrl":"https:\/\/tekcevisa.com\/tr\/wp-content\/uploads\/2023\/02\/documento-visto-para-portugal-1024x683-1.jpg.optimal-1.jpg","articleSection":["Haberler"],"inLanguage":"tr","potentialAction":[{"@type":"CommentAction","name":"Comment","target":["https:\/\/tekcevisa.com\/tr\/portekiz-golden-visa-uygukamasini-sonlandirmaya-karar-verdi\/#respond"]}]},{"@type":"WebPage","@id":"https:\/\/tekcevisa.com\/tr\/portekiz-golden-visa-uygukamasini-sonlandirmaya-karar-verdi\/","url":"https:\/\/tekcevisa.com\/tr\/portekiz-golden-visa-uygukamasini-sonlandirmaya-karar-verdi\/","name":"Portekiz Golden Visa Program\u0131n\u0131 Kald\u0131rma Karar\u0131 Ald\u0131","isPartOf":{"@id":"https:\/\/tekcevisa.com\/tr\/#website"},"primaryImageOfPage":{"@id":"https:\/\/tekcevisa.com\/tr\/portekiz-golden-visa-uygukamasini-sonlandirmaya-karar-verdi\/#primaryimage"},"image":{"@id":"https:\/\/tekcevisa.com\/tr\/portekiz-golden-visa-uygukamasini-sonlandirmaya-karar-verdi\/#primaryimage"},"thumbnailUrl":"https:\/\/tekcevisa.com\/tr\/wp-content\/uploads\/2023\/02\/documento-visto-para-portugal-1024x683-1.jpg.optimal-1.jpg","datePublished":"2023-02-23T14:46:10+00:00","dateModified":"2023-06-06T08:15:32+00:00","description":"Portekiz h\u00fck\u00fcmeti, Golden Visa (Alt\u0131n Vize) program\u0131n\u0131 y\u00fcr\u00fcrl\u00fckten kald\u0131rma karar\u0131 ald\u0131. Yasa tasar\u0131s\u0131 hakk\u0131nda konu\u015fmalar\u0131 yaz\u0131m\u0131zda bulabilirsiniz.","breadcrumb":{"@id":"https:\/\/tekcevisa.com\/tr\/portekiz-golden-visa-uygukamasini-sonlandirmaya-karar-verdi\/#breadcrumb"},"inLanguage":"tr","potentialAction":[{"@type":"ReadAction","target":["https:\/\/tekcevisa.com\/tr\/portekiz-golden-visa-uygukamasini-sonlandirmaya-karar-verdi\/"]}]},{"@type":"ImageObject","inLanguage":"tr","@id":"https:\/\/tekcevisa.com\/tr\/portekiz-golden-visa-uygukamasini-sonlandirmaya-karar-verdi\/#primaryimage","url":"https:\/\/tekcevisa.com\/tr\/wp-content\/uploads\/2023\/02\/documento-visto-para-portugal-1024x683-1.jpg.optimal-1.jpg","contentUrl":"https:\/\/tekcevisa.com\/tr\/wp-content\/uploads\/2023\/02\/documento-visto-para-portugal-1024x683-1.jpg.optimal-1.jpg","width":1024,"height":683},{"@type":"BreadcrumbList","@id":"https:\/\/tekcevisa.com\/tr\/portekiz-golden-visa-uygukamasini-sonlandirmaya-karar-verdi\/#breadcrumb","itemListElement":[{"@type":"ListItem","position":1,"name":"Ana Sayfa","item":"https:\/\/tekcevisa.com\/tr\/"},{"@type":"ListItem","position":2,"name":"Portekiz Golden Visa Uygulamas\u0131n\u0131 Sonland\u0131rmaya Karar Verdi"}]},{"@type":"WebSite","@id":"https:\/\/tekcevisa.com\/tr\/#website","url":"https:\/\/tekcevisa.com\/tr\/","name":"Tekce Visa - Uluslararas\u0131 Hukuki Dan\u0131\u015fmanl\u0131k","description":"Uluslararas\u0131 Hukuki Dan\u0131\u015fmanl\u0131k","publisher":{"@id":"https:\/\/tekcevisa.com\/tr\/#organization"},"potentialAction":[{"@type":"SearchAction","target":{"@type":"EntryPoint","urlTemplate":"https:\/\/tekcevisa.com\/tr\/?s={search_term_string}"},"query-input":{"@type":"PropertyValueSpecification","valueRequired":true,"valueName":"search_term_string"}}],"inLanguage":"tr"},{"@type":"Organization","@id":"https:\/\/tekcevisa.com\/tr\/#organization","name":"Tekce Visa","url":"https:\/\/tekcevisa.com\/tr\/","logo":{"@type":"ImageObject","inLanguage":"tr","@id":"https:\/\/tekcevisa.com\/tr\/#\/schema\/logo\/image\/","url":"https:\/\/tekcevisa.com\/tr\/wp-content\/uploads\/2025\/08\/ah-tekce-visa-opened-1-removebg-preview.png","contentUrl":"https:\/\/tekcevisa.com\/tr\/wp-content\/uploads\/2025\/08\/ah-tekce-visa-opened-1-removebg-preview.png","width":360,"height":360,"caption":"Tekce Visa"},"image":{"@id":"https:\/\/tekcevisa.com\/tr\/#\/schema\/logo\/image\/"},"sameAs":["https:\/\/www.instagram.com\/tekcevisa\/"]},{"@type":"Person","@id":"https:\/\/tekcevisa.com\/tr\/#\/schema\/person\/2d2e96e0379e51d8b181bf60b52f2942","name":"adminbayramtr","image":{"@type":"ImageObject","inLanguage":"tr","@id":"https:\/\/tekcevisa.com\/tr\/#\/schema\/person\/image\/","url":"https:\/\/secure.gravatar.com\/avatar\/b4d030d86004ebef13e745b1e1cb84aacfdf30b7e02619862277f1649ec3b137?s=96&d=mm&r=g","contentUrl":"https:\/\/secure.gravatar.com\/avatar\/b4d030d86004ebef13e745b1e1cb84aacfdf30b7e02619862277f1649ec3b137?s=96&d=mm&r=g","caption":"adminbayramtr"}}]}},"_links":{"self":[{"href":"https:\/\/tekcevisa.com\/tr\/wp-json\/wp\/v2\/posts\/3800","targetHints":{"allow":["GET"]}}],"collection":[{"href":"https:\/\/tekcevisa.com\/tr\/wp-json\/wp\/v2\/posts"}],"about":[{"href":"https:\/\/tekcevisa.com\/tr\/wp-json\/wp\/v2\/types\/post"}],"author":[{"embeddable":true,"href":"https:\/\/tekcevisa.com\/tr\/wp-json\/wp\/v2\/users\/6"}],"replies":[{"embeddable":true,"href":"https:\/\/tekcevisa.com\/tr\/wp-json\/wp\/v2\/comments?post=3800"}],"version-history":[{"count":6,"href":"https:\/\/tekcevisa.com\/tr\/wp-json\/wp\/v2\/posts\/3800\/revisions"}],"predecessor-version":[{"id":4987,"href":"https:\/\/tekcevisa.com\/tr\/wp-json\/wp\/v2\/posts\/3800\/revisions\/4987"}],"wp:featuredmedia":[{"embeddable":true,"href":"https:\/\/tekcevisa.com\/tr\/wp-json\/wp\/v2\/media\/4763"}],"wp:attachment":[{"href":"https:\/\/tekcevisa.com\/tr\/wp-json\/wp\/v2\/media?parent=3800"}],"wp:term":[{"taxonomy":"category","embeddable":true,"href":"https:\/\/tekcevisa.com\/tr\/wp-json\/wp\/v2\/categories?post=3800"},{"taxonomy":"post_tag","embeddable":true,"href":"https:\/\/tekcevisa.com\/tr\/wp-json\/wp\/v2\/tags?post=3800"}],"curies":[{"name":"wp","href":"https:\/\/api.w.org\/{rel}","templated":true}]}}