{"id":4390,"date":"2023-04-01T13:20:58","date_gmt":"2023-04-01T10:20:58","guid":{"rendered":"https:\/\/tekcevisa.com\/?p=4390"},"modified":"2023-06-06T10:46:57","modified_gmt":"2023-06-06T07:46:57","slug":"ispanyada-golden-visa-programi-hakkindaki-seminere-davetlisiniz","status":"publish","type":"post","link":"https:\/\/tekcevisa.com\/tr\/ispanyada-golden-visa-programi-hakkindaki-seminere-davetlisiniz\/","title":{"rendered":"\u0130spanya\u2019da Golden Visa Program\u0131 Hakk\u0131ndaki Seminere Davetlisiniz!"},"content":{"rendered":"<p>Tekce Visa bu Nisan\u2019da sizi, Avrupa\u2019da yepyeni bir hayata yelken a\u00e7mak i\u00e7in en \u00e7ok tercih edilen g\u00f6\u00e7men yat\u0131r\u0131mc\u0131 programlar\u0131ndan <a href=\"https:\/\/tekcevisa.com\/tr\/oturum-izni\/ispanya\/ispanyada-golden-visa\/\" target=\"_blank\" rel=\"noopener\">\u0130spanya\u2019da Golden Visa<\/a>\u2019y\u0131 konu alan seminere davet ediyor.<\/p>\n<p>D\u00fcnyan\u0131n en \u00fcnl\u00fc tatil merkezlerinden biri olan \u0130spanya, Avrupa\u2019ya yerle\u015fmeyi d\u00fc\u015f\u00fcnenlerin \u00f6ncelikli tercihi olarak son y\u0131llarda olduk\u00e7a \u00fcn kazand\u0131. \u00d6zellikle konforlu ya\u015fam ko\u015fullar\u0131, s\u0131cak iklimi, Avrupa\u2019n\u0131n d\u00f6rt bir yan\u0131na kolay eri\u015fim imkan\u0131 sunan g\u00fc\u00e7l\u00fc yurtd\u0131\u015f\u0131 ba\u011flant\u0131lar\u0131 ile \u0130spanya son y\u0131llar\u0131n en pop\u00fcler ya\u015fam merkezi haline geldi.<\/p>\n<p>Tatilcilerin oldu\u011fu kadar, yeni ve modern in\u015faat projeleriyle emlak yat\u0131r\u0131mc\u0131lar\u0131n\u0131n da ilgisini \u00e7eken \u0130spanya\u2019da, yat\u0131r\u0131mc\u0131lar\u0131n g\u00f6\u00e7 s\u00fcrecini kolayla\u015ft\u0131rmay\u0131 hedefleyen Golden Visa (Alt\u0131n Vize) program\u0131 olduk\u00e7a yo\u011fun talep g\u00f6r\u00fcyor.<\/p>\n<p>\u0130spanya h\u00fck\u00fcmetinin \u00fclkeye yabanc\u0131 yat\u0131r\u0131mc\u0131 g\u00f6\u00e7\u00fcn\u00fc te\u015fvik eden Golden Visa program\u0131 sayesinde 2013 y\u0131l\u0131ndan bu yana binlerce yabanc\u0131 <a href=\"https:\/\/tekcevisa.com\/tr\/ispanyada-sirket-kurmak\/\" target=\"_blank\" rel=\"noopener\">\u0130spanya\u2019da \u015firket kurmak<\/a> ve yerle\u015fme gibi avantajlardan faydalanma imkan\u0131 elde etti.<\/p>\n<p><img decoding=\"async\" class=\" wp-image-4786 aligncenter\" src=\"https:\/\/tekcevisa.com\/tr\/wp-content\/uploads\/2023\/04\/tekce-blog-1920x700-1-300x109.jpeg\" alt=\"\" width=\"985\" height=\"358\" srcset=\"https:\/\/tekcevisa.com\/tr\/wp-content\/uploads\/2023\/04\/tekce-blog-1920x700-1-300x109.jpeg 300w, https:\/\/tekcevisa.com\/tr\/wp-content\/uploads\/2023\/04\/tekce-blog-1920x700-1-1024x373.jpeg 1024w, https:\/\/tekcevisa.com\/tr\/wp-content\/uploads\/2023\/04\/tekce-blog-1920x700-1-768x280.jpeg 768w, https:\/\/tekcevisa.com\/tr\/wp-content\/uploads\/2023\/04\/tekce-blog-1920x700-1-1536x560.jpeg 1536w, https:\/\/tekcevisa.com\/tr\/wp-content\/uploads\/2023\/04\/tekce-blog-1920x700-1-260x95.jpeg 260w, https:\/\/tekcevisa.com\/tr\/wp-content\/uploads\/2023\/04\/tekce-blog-1920x700-1-50x18.jpeg 50w, https:\/\/tekcevisa.com\/tr\/wp-content\/uploads\/2023\/04\/tekce-blog-1920x700-1-150x55.jpeg 150w, https:\/\/tekcevisa.com\/tr\/wp-content\/uploads\/2023\/04\/tekce-blog-1920x700-1.jpeg 1920w\" sizes=\"(max-width: 985px) 100vw, 985px\" \/><\/p>\n<h2>\u0130spanya\u2019da Golden Visa (Alt\u0131n Vize) Hakk\u0131nda Her \u015eeyi \u0130\u015fin Uzman\u0131ndan \u00d6\u011frenin!<\/h2>\n<p>Alan\u0131nda uzman ve deneyimli avukatlar\u0131yla Tekce Visa, \u0130spanya\u2019da Golden Visa ba\u015fvurular\u0131 i\u00e7in profesyonel dan\u0131\u015fmanl\u0131k hizmeti sunmaktad\u0131r. Nisan ay\u0131nda Tekce Visa, \u0130spanya\u2019da Golden Visa sahibi olmak i\u00e7in gereklilikler, ba\u015fvuru s\u00fcreci, yasal prosed\u00fcrler gibi t\u00fcm konular hakk\u0131nda ihtiyac\u0131n\u0131z olan t\u00fcm bilgileri edinebilece\u011finiz webinar ve seminer etkinlikleri d\u00fczenliyor.<\/p>\n<p>Tekce Visa\u2019n\u0131n t\u00fcm s\u00fcrece hakim yetkin avukatlar\u0131ndan Funda Gizem \u00c7elik ve Muhammed Sefa Y\u0131lmaz\u2019\u0131n kat\u0131l\u0131m\u0131yla ger\u00e7ekle\u015ftirilecek olan bu etkinliklerde, Avrupa\u2019ya a\u00e7\u0131lan heyecan verici yolculukta akl\u0131n\u0131za tak\u0131lan t\u00fcm sorular\u0131n\u0131za cevap bulacak, ipu\u00e7lar\u0131 ve s\u00fcre\u00e7ler hakk\u0131ndaki b\u00fct\u00fcn detaylar\u0131 \u00f6\u011frenme f\u0131rsat\u0131 elde edeceksiniz.<\/p>\n<p>Etkinliklerin moderat\u00f6rl\u00fc\u011f\u00fcn\u00fc Tekce Overseas Gayrimenkul A\u015e Partner M\u00fcd\u00fcr\u00fc Sn. \u0130hsan Erol yapacakt\u0131r.<\/p>\n<h3>Etkinlik Detaylar\u0131<\/h3>\n<h3>Webinar Etkinlikleri<\/h3>\n<p>\u2022 4 Nisan 2023, Sal\u0131 \u2013 13:00 (UTC+3)<\/p>\n<p>\u2022 15 Nisan 2023, Cumartesi \u2013 10:00 (UTC+3)<\/p>\n<h3>Birebir Seminer Etkinlikleri<\/h3>\n<p>\u2022 26 Nisan 2023 \u00c7ar\u015famba \u2013 13.00 ve 17.00 (UTC+3)<\/p>\n<p>\u2022 29 Nisan 2023, Cumartesi \u2013 10.00 ve 14.00 (UTC+3)<\/p>\n<p>Adres: Merdivenk\u00f6y Mahallesi Nur Sokak no:1A, Business \u0130stanbul A Blok 410, 34732, G\u00f6ztepe, Kad\u0131k\u00f6y<br \/>\n\u0130stanbul, T\u00dcRK\u0130YE<\/p>\n<p>Bu \u00fccretsiz etkinliklere kat\u0131lmak i\u00e7in <a href=\"https:\/\/tekcevisa.com\/tr\/iletisim\/\">bizimle ileti\u015fime ge\u00e7ebilirsiniz<\/a>!<\/p>\n","protected":false},"excerpt":{"rendered":"<p>Tekce Visa bu Nisan\u2019da sizi, Avrupa\u2019da yepyeni bir hayata yelken<span class=\"excerpt-hellip\"> [\u2026]<\/span><\/p>\n","protected":false},"author":6,"featured_media":4785,"comment_status":"open","ping_status":"closed","sticky":false,"template":"","format":"standard","meta":{"footnotes":""},"categories":[6,7],"tags":[],"class_list":["post-4390","post","type-post","status-publish","format-standard","has-post-thumbnail","hentry","category-haberler","category-oturum-izni"],"yoast_head":"<!-- This site is optimized with the Yoast SEO plugin v24.2 - https:\/\/yoast.com\/wordpress\/plugins\/seo\/ -->\n<title>\u0130spanya&#039;da Golden Visa Edinimi Seminerine Davetlisiniz<\/title>\n<meta name=\"description\" content=\"\u0130spanya&#039;da Golden Visa (Alt\u0131n Vize) edinimi konusunda t\u00fcm sorular\u0131n\u0131za cevap bulabilece\u011finiz seminer ve webinarda bulu\u015fal\u0131m.\" \/>\n<meta name=\"robots\" content=\"index, follow, max-snippet:-1, max-image-preview:large, max-video-preview:-1\" \/>\n<link rel=\"canonical\" href=\"https:\/\/tekcevisa.com\/tr\/ispanyada-golden-visa-programi-hakkindaki-seminere-davetlisiniz\/\" \/>\n<meta property=\"og:locale\" content=\"tr_TR\" \/>\n<meta property=\"og:type\" content=\"article\" \/>\n<meta property=\"og:title\" content=\"\u0130spanya&#039;da Golden Visa Edinimi Seminerine Davetlisiniz\" \/>\n<meta property=\"og:description\" content=\"\u0130spanya&#039;da Golden Visa (Alt\u0131n Vize) edinimi konusunda t\u00fcm sorular\u0131n\u0131za cevap bulabilece\u011finiz seminer ve webinarda bulu\u015fal\u0131m.\" \/>\n<meta property=\"og:url\" content=\"https:\/\/tekcevisa.com\/tr\/ispanyada-golden-visa-programi-hakkindaki-seminere-davetlisiniz\/\" \/>\n<meta property=\"og:site_name\" content=\"Tekce Visa\" \/>\n<meta property=\"article:publisher\" content=\"https:\/\/www.instagram.com\/tekcevisa\/\" \/>\n<meta property=\"article:published_time\" content=\"2023-04-01T10:20:58+00:00\" \/>\n<meta property=\"article:modified_time\" content=\"2023-06-06T07:46:57+00:00\" \/>\n<meta property=\"og:image\" content=\"https:\/\/tekcevisa.com\/tr\/wp-content\/uploads\/2023\/04\/tekce-visa-1024x1024-1.jpeg\" \/>\n\t<meta property=\"og:image:width\" content=\"1024\" \/>\n\t<meta property=\"og:image:height\" content=\"1024\" \/>\n\t<meta property=\"og:image:type\" content=\"image\/jpeg\" \/>\n<meta name=\"author\" content=\"adminbayramtr\" \/>\n<meta name=\"twitter:card\" content=\"summary_large_image\" \/>\n<meta name=\"twitter:label1\" content=\"Yazan:\" \/>\n\t<meta name=\"twitter:data1\" content=\"adminbayramtr\" \/>\n\t<meta name=\"twitter:label2\" content=\"Tahmini okuma s\u00fcresi\" \/>\n\t<meta name=\"twitter:data2\" content=\"3 dakika\" \/>\n<script type=\"application\/ld+json\" class=\"yoast-schema-graph\">{\"@context\":\"https:\/\/schema.org\",\"@graph\":[{\"@type\":\"Article\",\"@id\":\"https:\/\/tekcevisa.com\/tr\/ispanyada-golden-visa-programi-hakkindaki-seminere-davetlisiniz\/#article\",\"isPartOf\":{\"@id\":\"https:\/\/tekcevisa.com\/tr\/ispanyada-golden-visa-programi-hakkindaki-seminere-davetlisiniz\/\"},\"author\":{\"name\":\"adminbayramtr\",\"@id\":\"https:\/\/tekcevisa.com\/tr\/#\/schema\/person\/2d2e96e0379e51d8b181bf60b52f2942\"},\"headline\":\"\u0130spanya\u2019da Golden Visa Program\u0131 Hakk\u0131ndaki Seminere Davetlisiniz!\",\"datePublished\":\"2023-04-01T10:20:58+00:00\",\"dateModified\":\"2023-06-06T07:46:57+00:00\",\"mainEntityOfPage\":{\"@id\":\"https:\/\/tekcevisa.com\/tr\/ispanyada-golden-visa-programi-hakkindaki-seminere-davetlisiniz\/\"},\"wordCount\":420,\"commentCount\":0,\"publisher\":{\"@id\":\"https:\/\/tekcevisa.com\/tr\/#organization\"},\"image\":{\"@id\":\"https:\/\/tekcevisa.com\/tr\/ispanyada-golden-visa-programi-hakkindaki-seminere-davetlisiniz\/#primaryimage\"},\"thumbnailUrl\":\"https:\/\/tekcevisa.com\/tr\/wp-content\/uploads\/2023\/04\/tekce-visa-1024x1024-1.jpeg\",\"articleSection\":[\"Haberler\",\"Oturum \u0130zni\"],\"inLanguage\":\"tr\",\"potentialAction\":[{\"@type\":\"CommentAction\",\"name\":\"Comment\",\"target\":[\"https:\/\/tekcevisa.com\/tr\/ispanyada-golden-visa-programi-hakkindaki-seminere-davetlisiniz\/#respond\"]}]},{\"@type\":\"WebPage\",\"@id\":\"https:\/\/tekcevisa.com\/tr\/ispanyada-golden-visa-programi-hakkindaki-seminere-davetlisiniz\/\",\"url\":\"https:\/\/tekcevisa.com\/tr\/ispanyada-golden-visa-programi-hakkindaki-seminere-davetlisiniz\/\",\"name\":\"\u0130spanya'da Golden Visa Edinimi Seminerine Davetlisiniz\",\"isPartOf\":{\"@id\":\"https:\/\/tekcevisa.com\/tr\/#website\"},\"primaryImageOfPage\":{\"@id\":\"https:\/\/tekcevisa.com\/tr\/ispanyada-golden-visa-programi-hakkindaki-seminere-davetlisiniz\/#primaryimage\"},\"image\":{\"@id\":\"https:\/\/tekcevisa.com\/tr\/ispanyada-golden-visa-programi-hakkindaki-seminere-davetlisiniz\/#primaryimage\"},\"thumbnailUrl\":\"https:\/\/tekcevisa.com\/tr\/wp-content\/uploads\/2023\/04\/tekce-visa-1024x1024-1.jpeg\",\"datePublished\":\"2023-04-01T10:20:58+00:00\",\"dateModified\":\"2023-06-06T07:46:57+00:00\",\"description\":\"\u0130spanya'da Golden Visa (Alt\u0131n Vize) edinimi konusunda t\u00fcm sorular\u0131n\u0131za cevap bulabilece\u011finiz seminer ve webinarda bulu\u015fal\u0131m.\",\"breadcrumb\":{\"@id\":\"https:\/\/tekcevisa.com\/tr\/ispanyada-golden-visa-programi-hakkindaki-seminere-davetlisiniz\/#breadcrumb\"},\"inLanguage\":\"tr\",\"potentialAction\":[{\"@type\":\"ReadAction\",\"target\":[\"https:\/\/tekcevisa.com\/tr\/ispanyada-golden-visa-programi-hakkindaki-seminere-davetlisiniz\/\"]}]},{\"@type\":\"ImageObject\",\"inLanguage\":\"tr\",\"@id\":\"https:\/\/tekcevisa.com\/tr\/ispanyada-golden-visa-programi-hakkindaki-seminere-davetlisiniz\/#primaryimage\",\"url\":\"https:\/\/tekcevisa.com\/tr\/wp-content\/uploads\/2023\/04\/tekce-visa-1024x1024-1.jpeg\",\"contentUrl\":\"https:\/\/tekcevisa.com\/tr\/wp-content\/uploads\/2023\/04\/tekce-visa-1024x1024-1.jpeg\",\"width\":1024,\"height\":1024},{\"@type\":\"BreadcrumbList\",\"@id\":\"https:\/\/tekcevisa.com\/tr\/ispanyada-golden-visa-programi-hakkindaki-seminere-davetlisiniz\/#breadcrumb\",\"itemListElement\":[{\"@type\":\"ListItem\",\"position\":1,\"name\":\"Ana Sayfa\",\"item\":\"https:\/\/tekcevisa.com\/tr\/\"},{\"@type\":\"ListItem\",\"position\":2,\"name\":\"\u0130spanya\u2019da Golden Visa Program\u0131 Hakk\u0131ndaki Seminere Davetlisiniz!\"}]},{\"@type\":\"WebSite\",\"@id\":\"https:\/\/tekcevisa.com\/tr\/#website\",\"url\":\"https:\/\/tekcevisa.com\/tr\/\",\"name\":\"Tekce Visa - Uluslararas\u0131 Hukuki Dan\u0131\u015fmanl\u0131k\",\"description\":\"Uluslararas\u0131 Hukuki Dan\u0131\u015fmanl\u0131k\",\"publisher\":{\"@id\":\"https:\/\/tekcevisa.com\/tr\/#organization\"},\"potentialAction\":[{\"@type\":\"SearchAction\",\"target\":{\"@type\":\"EntryPoint\",\"urlTemplate\":\"https:\/\/tekcevisa.com\/tr\/?s={search_term_string}\"},\"query-input\":{\"@type\":\"PropertyValueSpecification\",\"valueRequired\":true,\"valueName\":\"search_term_string\"}}],\"inLanguage\":\"tr\"},{\"@type\":\"Organization\",\"@id\":\"https:\/\/tekcevisa.com\/tr\/#organization\",\"name\":\"Tekce Visa\",\"url\":\"https:\/\/tekcevisa.com\/tr\/\",\"logo\":{\"@type\":\"ImageObject\",\"inLanguage\":\"tr\",\"@id\":\"https:\/\/tekcevisa.com\/tr\/#\/schema\/logo\/image\/\",\"url\":\"https:\/\/tekcevisa.com\/tr\/wp-content\/uploads\/2025\/08\/ah-tekce-visa-opened-1-removebg-preview.png\",\"contentUrl\":\"https:\/\/tekcevisa.com\/tr\/wp-content\/uploads\/2025\/08\/ah-tekce-visa-opened-1-removebg-preview.png\",\"width\":360,\"height\":360,\"caption\":\"Tekce Visa\"},\"image\":{\"@id\":\"https:\/\/tekcevisa.com\/tr\/#\/schema\/logo\/image\/\"},\"sameAs\":[\"https:\/\/www.instagram.com\/tekcevisa\/\"]},{\"@type\":\"Person\",\"@id\":\"https:\/\/tekcevisa.com\/tr\/#\/schema\/person\/2d2e96e0379e51d8b181bf60b52f2942\",\"name\":\"adminbayramtr\",\"image\":{\"@type\":\"ImageObject\",\"inLanguage\":\"tr\",\"@id\":\"https:\/\/tekcevisa.com\/tr\/#\/schema\/person\/image\/\",\"url\":\"https:\/\/secure.gravatar.com\/avatar\/b4d030d86004ebef13e745b1e1cb84aacfdf30b7e02619862277f1649ec3b137?s=96&d=mm&r=g\",\"contentUrl\":\"https:\/\/secure.gravatar.com\/avatar\/b4d030d86004ebef13e745b1e1cb84aacfdf30b7e02619862277f1649ec3b137?s=96&d=mm&r=g\",\"caption\":\"adminbayramtr\"}}]}<\/script>\n<!-- \/ Yoast SEO plugin. -->","yoast_head_json":{"title":"\u0130spanya'da Golden Visa Edinimi Seminerine Davetlisiniz","description":"\u0130spanya'da Golden Visa (Alt\u0131n Vize) edinimi konusunda t\u00fcm sorular\u0131n\u0131za cevap bulabilece\u011finiz seminer ve webinarda bulu\u015fal\u0131m.","robots":{"index":"index","follow":"follow","max-snippet":"max-snippet:-1","max-image-preview":"max-image-preview:large","max-video-preview":"max-video-preview:-1"},"canonical":"https:\/\/tekcevisa.com\/tr\/ispanyada-golden-visa-programi-hakkindaki-seminere-davetlisiniz\/","og_locale":"tr_TR","og_type":"article","og_title":"\u0130spanya'da Golden Visa Edinimi Seminerine Davetlisiniz","og_description":"\u0130spanya'da Golden Visa (Alt\u0131n Vize) edinimi konusunda t\u00fcm sorular\u0131n\u0131za cevap bulabilece\u011finiz seminer ve webinarda bulu\u015fal\u0131m.","og_url":"https:\/\/tekcevisa.com\/tr\/ispanyada-golden-visa-programi-hakkindaki-seminere-davetlisiniz\/","og_site_name":"Tekce Visa","article_publisher":"https:\/\/www.instagram.com\/tekcevisa\/","article_published_time":"2023-04-01T10:20:58+00:00","article_modified_time":"2023-06-06T07:46:57+00:00","og_image":[{"width":1024,"height":1024,"url":"https:\/\/tekcevisa.com\/tr\/wp-content\/uploads\/2023\/04\/tekce-visa-1024x1024-1.jpeg","type":"image\/jpeg"}],"author":"adminbayramtr","twitter_card":"summary_large_image","twitter_misc":{"Yazan:":"adminbayramtr","Tahmini okuma s\u00fcresi":"3 dakika"},"schema":{"@context":"https:\/\/schema.org","@graph":[{"@type":"Article","@id":"https:\/\/tekcevisa.com\/tr\/ispanyada-golden-visa-programi-hakkindaki-seminere-davetlisiniz\/#article","isPartOf":{"@id":"https:\/\/tekcevisa.com\/tr\/ispanyada-golden-visa-programi-hakkindaki-seminere-davetlisiniz\/"},"author":{"name":"adminbayramtr","@id":"https:\/\/tekcevisa.com\/tr\/#\/schema\/person\/2d2e96e0379e51d8b181bf60b52f2942"},"headline":"\u0130spanya\u2019da Golden Visa Program\u0131 Hakk\u0131ndaki Seminere Davetlisiniz!","datePublished":"2023-04-01T10:20:58+00:00","dateModified":"2023-06-06T07:46:57+00:00","mainEntityOfPage":{"@id":"https:\/\/tekcevisa.com\/tr\/ispanyada-golden-visa-programi-hakkindaki-seminere-davetlisiniz\/"},"wordCount":420,"commentCount":0,"publisher":{"@id":"https:\/\/tekcevisa.com\/tr\/#organization"},"image":{"@id":"https:\/\/tekcevisa.com\/tr\/ispanyada-golden-visa-programi-hakkindaki-seminere-davetlisiniz\/#primaryimage"},"thumbnailUrl":"https:\/\/tekcevisa.com\/tr\/wp-content\/uploads\/2023\/04\/tekce-visa-1024x1024-1.jpeg","articleSection":["Haberler","Oturum \u0130zni"],"inLanguage":"tr","potentialAction":[{"@type":"CommentAction","name":"Comment","target":["https:\/\/tekcevisa.com\/tr\/ispanyada-golden-visa-programi-hakkindaki-seminere-davetlisiniz\/#respond"]}]},{"@type":"WebPage","@id":"https:\/\/tekcevisa.com\/tr\/ispanyada-golden-visa-programi-hakkindaki-seminere-davetlisiniz\/","url":"https:\/\/tekcevisa.com\/tr\/ispanyada-golden-visa-programi-hakkindaki-seminere-davetlisiniz\/","name":"\u0130spanya'da Golden Visa Edinimi Seminerine Davetlisiniz","isPartOf":{"@id":"https:\/\/tekcevisa.com\/tr\/#website"},"primaryImageOfPage":{"@id":"https:\/\/tekcevisa.com\/tr\/ispanyada-golden-visa-programi-hakkindaki-seminere-davetlisiniz\/#primaryimage"},"image":{"@id":"https:\/\/tekcevisa.com\/tr\/ispanyada-golden-visa-programi-hakkindaki-seminere-davetlisiniz\/#primaryimage"},"thumbnailUrl":"https:\/\/tekcevisa.com\/tr\/wp-content\/uploads\/2023\/04\/tekce-visa-1024x1024-1.jpeg","datePublished":"2023-04-01T10:20:58+00:00","dateModified":"2023-06-06T07:46:57+00:00","description":"\u0130spanya'da Golden Visa (Alt\u0131n Vize) edinimi konusunda t\u00fcm sorular\u0131n\u0131za cevap bulabilece\u011finiz seminer ve webinarda bulu\u015fal\u0131m.","breadcrumb":{"@id":"https:\/\/tekcevisa.com\/tr\/ispanyada-golden-visa-programi-hakkindaki-seminere-davetlisiniz\/#breadcrumb"},"inLanguage":"tr","potentialAction":[{"@type":"ReadAction","target":["https:\/\/tekcevisa.com\/tr\/ispanyada-golden-visa-programi-hakkindaki-seminere-davetlisiniz\/"]}]},{"@type":"ImageObject","inLanguage":"tr","@id":"https:\/\/tekcevisa.com\/tr\/ispanyada-golden-visa-programi-hakkindaki-seminere-davetlisiniz\/#primaryimage","url":"https:\/\/tekcevisa.com\/tr\/wp-content\/uploads\/2023\/04\/tekce-visa-1024x1024-1.jpeg","contentUrl":"https:\/\/tekcevisa.com\/tr\/wp-content\/uploads\/2023\/04\/tekce-visa-1024x1024-1.jpeg","width":1024,"height":1024},{"@type":"BreadcrumbList","@id":"https:\/\/tekcevisa.com\/tr\/ispanyada-golden-visa-programi-hakkindaki-seminere-davetlisiniz\/#breadcrumb","itemListElement":[{"@type":"ListItem","position":1,"name":"Ana Sayfa","item":"https:\/\/tekcevisa.com\/tr\/"},{"@type":"ListItem","position":2,"name":"\u0130spanya\u2019da Golden Visa Program\u0131 Hakk\u0131ndaki Seminere Davetlisiniz!"}]},{"@type":"WebSite","@id":"https:\/\/tekcevisa.com\/tr\/#website","url":"https:\/\/tekcevisa.com\/tr\/","name":"Tekce Visa - Uluslararas\u0131 Hukuki Dan\u0131\u015fmanl\u0131k","description":"Uluslararas\u0131 Hukuki Dan\u0131\u015fmanl\u0131k","publisher":{"@id":"https:\/\/tekcevisa.com\/tr\/#organization"},"potentialAction":[{"@type":"SearchAction","target":{"@type":"EntryPoint","urlTemplate":"https:\/\/tekcevisa.com\/tr\/?s={search_term_string}"},"query-input":{"@type":"PropertyValueSpecification","valueRequired":true,"valueName":"search_term_string"}}],"inLanguage":"tr"},{"@type":"Organization","@id":"https:\/\/tekcevisa.com\/tr\/#organization","name":"Tekce Visa","url":"https:\/\/tekcevisa.com\/tr\/","logo":{"@type":"ImageObject","inLanguage":"tr","@id":"https:\/\/tekcevisa.com\/tr\/#\/schema\/logo\/image\/","url":"https:\/\/tekcevisa.com\/tr\/wp-content\/uploads\/2025\/08\/ah-tekce-visa-opened-1-removebg-preview.png","contentUrl":"https:\/\/tekcevisa.com\/tr\/wp-content\/uploads\/2025\/08\/ah-tekce-visa-opened-1-removebg-preview.png","width":360,"height":360,"caption":"Tekce Visa"},"image":{"@id":"https:\/\/tekcevisa.com\/tr\/#\/schema\/logo\/image\/"},"sameAs":["https:\/\/www.instagram.com\/tekcevisa\/"]},{"@type":"Person","@id":"https:\/\/tekcevisa.com\/tr\/#\/schema\/person\/2d2e96e0379e51d8b181bf60b52f2942","name":"adminbayramtr","image":{"@type":"ImageObject","inLanguage":"tr","@id":"https:\/\/tekcevisa.com\/tr\/#\/schema\/person\/image\/","url":"https:\/\/secure.gravatar.com\/avatar\/b4d030d86004ebef13e745b1e1cb84aacfdf30b7e02619862277f1649ec3b137?s=96&d=mm&r=g","contentUrl":"https:\/\/secure.gravatar.com\/avatar\/b4d030d86004ebef13e745b1e1cb84aacfdf30b7e02619862277f1649ec3b137?s=96&d=mm&r=g","caption":"adminbayramtr"}}]}},"_links":{"self":[{"href":"https:\/\/tekcevisa.com\/tr\/wp-json\/wp\/v2\/posts\/4390","targetHints":{"allow":["GET"]}}],"collection":[{"href":"https:\/\/tekcevisa.com\/tr\/wp-json\/wp\/v2\/posts"}],"about":[{"href":"https:\/\/tekcevisa.com\/tr\/wp-json\/wp\/v2\/types\/post"}],"author":[{"embeddable":true,"href":"https:\/\/tekcevisa.com\/tr\/wp-json\/wp\/v2\/users\/6"}],"replies":[{"embeddable":true,"href":"https:\/\/tekcevisa.com\/tr\/wp-json\/wp\/v2\/comments?post=4390"}],"version-history":[{"count":6,"href":"https:\/\/tekcevisa.com\/tr\/wp-json\/wp\/v2\/posts\/4390\/revisions"}],"predecessor-version":[{"id":4981,"href":"https:\/\/tekcevisa.com\/tr\/wp-json\/wp\/v2\/posts\/4390\/revisions\/4981"}],"wp:featuredmedia":[{"embeddable":true,"href":"https:\/\/tekcevisa.com\/tr\/wp-json\/wp\/v2\/media\/4785"}],"wp:attachment":[{"href":"https:\/\/tekcevisa.com\/tr\/wp-json\/wp\/v2\/media?parent=4390"}],"wp:term":[{"taxonomy":"category","embeddable":true,"href":"https:\/\/tekcevisa.com\/tr\/wp-json\/wp\/v2\/categories?post=4390"},{"taxonomy":"post_tag","embeddable":true,"href":"https:\/\/tekcevisa.com\/tr\/wp-json\/wp\/v2\/tags?post=4390"}],"curies":[{"name":"wp","href":"https:\/\/api.w.org\/{rel}","templated":true}]}}