{"id":4636,"date":"2023-05-30T11:11:42","date_gmt":"2023-05-30T08:11:42","guid":{"rendered":"https:\/\/tekcevisa.com\/tr\/?p=4636"},"modified":"2023-06-06T09:38:21","modified_gmt":"2023-06-06T06:38:21","slug":"yatirim-yoluyla-ispanya-da-golden-visa-webinarina-bekliyoruz","status":"publish","type":"post","link":"https:\/\/tekcevisa.com\/tr\/yatirim-yoluyla-ispanya-da-golden-visa-webinarina-bekliyoruz\/","title":{"rendered":"Yat\u0131r\u0131m Yoluyla \u0130spanya\u2019da Golden Visa Webinar\u0131na Bekliyoruz!"},"content":{"rendered":"<p>Tekce Visa olarak Haziran ay\u0131nda Yat\u0131r\u0131m Yoluyla <a href=\"https:\/\/tekcevisa.com\/tr\/oturum-izni\/ispanya\/ispanyada-golden-visa\/\" target=\"_blank\" rel=\"noopener\">\u0130spanya Golden Visa (Alt\u0131n Vize)<\/a> Webinar\u0131 d\u00fczenliyoruz. Webinarda \u0130spanya Golden Visa \u00fczerine sorulan t\u00fcm sorular\u0131 cevapland\u0131raca\u011f\u0131z. Uzmanlar\u0131m\u0131z ayr\u0131ca hizmetlerimiz hakk\u0131nda da detayl\u0131 bilgi verecek. \u0130spanya Golden Visa webinar\u0131 13 Haziran tarihinde ger\u00e7ekle\u015fecek.<\/p>\n<p>\u0130spanya pop\u00fclerli\u011fi g\u00f6z \u00f6n\u00fcnde bulunduruldu\u011funda ya\u015famak i\u00e7in kesinlikle en iyi \u00fclkelerden biridir. Kaliteli sahilleri, e\u011flenceli ya\u015fam tarz\u0131, uygun ya\u015fam maliyetleri ve Avrupa\u2019daki e\u015fsiz konumu ile \u0130spanya y\u00fcksek talep g\u00f6rmektedir.<\/p>\n<p>\u0130spanya tabii ki sadece turizm ama\u00e7l\u0131 olarak talep g\u00f6rmemektedir. \u00dclke, d\u00fcnyadaki en y\u00fcksek yabanc\u0131 n\u00fcfuslardan birine ev sahipli\u011fi yapmaktad\u0131r. \u0130spanya\u2019daki canl\u0131 emlak piyasas\u0131 da g\u00f6z \u00f6n\u00fcnde bulunduruldu\u011funda \u0130spanya\u2019da kal\u0131c\u0131 olarak ya\u015famak isteyenler i\u00e7in say\u0131s\u0131z se\u00e7enek mevcuttur.<\/p>\n<p>\u0130spanya\u2019da ya\u015famak i\u00e7in farkl\u0131 se\u00e7enekler mevcut olsa da Yat\u0131r\u0131m ile \u0130spanya\u2019da Golden Visa en \u00e7ok tercih edilen se\u00e7imdir. \u0130spanya\u2019da Golden Visa ile AB \u00fcyesi olmayan \u00fclkelerin vatanda\u015flar\u0131 \u0130spanya\u2019da yasal olarak ya\u015fama ve \u00e7al\u0131\u015fma hakk\u0131n\u0131 kazanmaktad\u0131r.<\/p>\n<p>\u0130spanya Golden Visa s\u00fcreci hukuki dan\u0131\u015fmanl\u0131k deste\u011fi ile tamamlanmas\u0131 tavsiye edilen ad\u0131mlardan olu\u015fmaktad\u0131r. S\u00fcre\u00e7 \u00e7ok karma\u015f\u0131k ve zor olmasa da yerel kanunlar hakk\u0131nda bilgili olmak daha h\u0131zl\u0131 ve kolay s\u00fcre\u00e7 imkan\u0131na olanak tan\u0131maktad\u0131r.<\/p>\n<p><img decoding=\"async\" class=\" wp-image-4846 aligncenter\" src=\"https:\/\/tekcevisa.com\/tr\/wp-content\/uploads\/2023\/05\/cityscape-of-murcia-2021-10-22-06-40-28-utc-300x109.jpeg\" alt=\"\" width=\"1084\" height=\"394\" srcset=\"https:\/\/tekcevisa.com\/tr\/wp-content\/uploads\/2023\/05\/cityscape-of-murcia-2021-10-22-06-40-28-utc-300x109.jpeg 300w, https:\/\/tekcevisa.com\/tr\/wp-content\/uploads\/2023\/05\/cityscape-of-murcia-2021-10-22-06-40-28-utc-1024x373.jpeg 1024w, https:\/\/tekcevisa.com\/tr\/wp-content\/uploads\/2023\/05\/cityscape-of-murcia-2021-10-22-06-40-28-utc-768x280.jpeg 768w, https:\/\/tekcevisa.com\/tr\/wp-content\/uploads\/2023\/05\/cityscape-of-murcia-2021-10-22-06-40-28-utc-1536x560.jpeg 1536w, https:\/\/tekcevisa.com\/tr\/wp-content\/uploads\/2023\/05\/cityscape-of-murcia-2021-10-22-06-40-28-utc-260x95.jpeg 260w, https:\/\/tekcevisa.com\/tr\/wp-content\/uploads\/2023\/05\/cityscape-of-murcia-2021-10-22-06-40-28-utc-50x18.jpeg 50w, https:\/\/tekcevisa.com\/tr\/wp-content\/uploads\/2023\/05\/cityscape-of-murcia-2021-10-22-06-40-28-utc-150x55.jpeg 150w, https:\/\/tekcevisa.com\/tr\/wp-content\/uploads\/2023\/05\/cityscape-of-murcia-2021-10-22-06-40-28-utc.jpeg 1920w\" sizes=\"(max-width: 1084px) 100vw, 1084px\" \/><\/p>\n<p>Onlarca y\u0131ll\u0131k deneyimi bulunan uzmanlar\u0131m\u0131z m\u00fcmk\u00fcn olan en iyi dan\u0131\u015fmanl\u0131k hizmetlerini sunmaktad\u0131r. G\u00fcvenilirli\u011fimiz ve deneyimimiz ile birle\u015fen modern hizmetlerimiz sayesinde de %100 Memnuniyet ve S\u0131f\u0131r Hata ile sonu\u00e7lanan s\u00fcre\u00e7ler sunmaktay\u0131z.<\/p>\n<p>Ayr\u0131ca hizmetlerimiz aras\u0131nda e\u015fsiz bir avantaj da bulunmakta. Sizin dilinizde konu\u015fan avukatlar\u0131m\u0131z sayesinde sizinle olan ileti\u015fimimizi en \u00fcst seviyeye \u00e7\u0131kar\u0131yoruz. Bu sayede de durumunuzu, ihtiya\u00e7lar\u0131n\u0131z\u0131 ve isteklerinizi daha iyi anlayarak size daha iyi hizmetler sunuyoruz.<\/p>\n<p>\u0130spanya Golden Visa ile ilgili detayl\u0131 bilgi almak i\u00e7in webinar\u0131m\u0131za kat\u0131labilirsiniz. Bu etkinlikte Golden Visa program\u0131na uyum \u015fartlar\u0131n\u0131, vize gerekliliklerini, ba\u015fvuru s\u00fcrecini, yat\u0131r\u0131m se\u00e7eneklerini ve hizmetlerimizi detayl\u0131ca \u00f6\u011frenebilirsiniz.<\/p>\n<p>Yat\u0131r\u0131m ile \u0130spanya Golden Visa Webinar\u0131 etkinlik detaylar\u0131;<\/p>\n<p><strong>Moderat\u00f6r<\/strong>: \u0130hsan Erol<br \/>\n<strong>Avukatlar<\/strong>: Funda Gizem \u00c7elik, Sefa Muhammed Y\u0131lmaz<\/p>\n<p><strong>Tarih<\/strong>: 13 Haziran 2023 \u2013 14:00<\/p>\n<p><em>Not: Webinar tek oturum \u015feklinde ve T\u00fcrk\u00e7e olarak ger\u00e7ekle\u015fecektir.<\/em><\/p>\n<p>A\u015fa\u011f\u0131daki ileti\u015fim formunu kullanarak etkinli\u011fe kat\u0131l\u0131m i\u00e7in gerekli olan linke eri\u015fim sa\u011flayabilirsiniz. Link, etkinlik tarihinde ve saatinde aktif olacakt\u0131r.<\/p>\n","protected":false},"excerpt":{"rendered":"<p>Tekce Visa olarak Haziran ay\u0131nda Yat\u0131r\u0131m Yoluyla \u0130spanya Golden Visa<span class=\"excerpt-hellip\"> [\u2026]<\/span><\/p>\n","protected":false},"author":2,"featured_media":4671,"comment_status":"open","ping_status":"closed","sticky":false,"template":"","format":"standard","meta":{"footnotes":""},"categories":[1,7],"tags":[],"class_list":["post-4636","post","type-post","status-publish","format-standard","has-post-thumbnail","hentry","category-genel","category-oturum-izni"],"yoast_head":"<!-- This site is optimized with the Yoast SEO plugin v24.2 - https:\/\/yoast.com\/wordpress\/plugins\/seo\/ -->\n<title>Yat\u0131r\u0131m Yoluyla Golden Visa Edinimi Webinar\u0131<\/title>\n<meta name=\"description\" content=\"Tekce Visa, 13 Haziran&#039;da yat\u0131r\u0131m ile \u0130spanya Golden Visa webinar\u0131 d\u00fczenliyor. Ayr\u0131nt\u0131l\u0131 etkinlik detaylar\u0131 ve kat\u0131l\u0131m bilgileri i\u00e7in yaz\u0131m\u0131za g\u00f6z at\u0131n.\" \/>\n<meta name=\"robots\" content=\"index, follow, max-snippet:-1, max-image-preview:large, max-video-preview:-1\" \/>\n<link rel=\"canonical\" href=\"https:\/\/tekcevisa.com\/tr\/yatirim-yoluyla-ispanya-da-golden-visa-webinarina-bekliyoruz\/\" \/>\n<meta property=\"og:locale\" content=\"tr_TR\" \/>\n<meta property=\"og:type\" content=\"article\" \/>\n<meta property=\"og:title\" content=\"Yat\u0131r\u0131m Yoluyla Golden Visa Edinimi Webinar\u0131\" \/>\n<meta property=\"og:description\" content=\"Tekce Visa, 13 Haziran&#039;da yat\u0131r\u0131m ile \u0130spanya Golden Visa webinar\u0131 d\u00fczenliyor. Ayr\u0131nt\u0131l\u0131 etkinlik detaylar\u0131 ve kat\u0131l\u0131m bilgileri i\u00e7in yaz\u0131m\u0131za g\u00f6z at\u0131n.\" \/>\n<meta property=\"og:url\" content=\"https:\/\/tekcevisa.com\/tr\/yatirim-yoluyla-ispanya-da-golden-visa-webinarina-bekliyoruz\/\" \/>\n<meta property=\"og:site_name\" content=\"Tekce Visa\" \/>\n<meta property=\"article:publisher\" content=\"https:\/\/www.instagram.com\/tekcevisa\/\" \/>\n<meta property=\"article:published_time\" content=\"2023-05-30T08:11:42+00:00\" \/>\n<meta property=\"article:modified_time\" content=\"2023-06-06T06:38:21+00:00\" \/>\n<meta property=\"og:image\" content=\"https:\/\/tekcevisa.com\/tr\/wp-content\/uploads\/2023\/05\/webinar-main4-tekcevisa.jpg\" \/>\n\t<meta property=\"og:image:width\" content=\"1024\" \/>\n\t<meta property=\"og:image:height\" content=\"1024\" \/>\n\t<meta property=\"og:image:type\" content=\"image\/jpeg\" \/>\n<meta name=\"author\" content=\"Leyla Zengin\" \/>\n<meta name=\"twitter:card\" content=\"summary_large_image\" \/>\n<meta name=\"twitter:label1\" content=\"Yazan:\" \/>\n\t<meta name=\"twitter:data1\" content=\"Leyla Zengin\" \/>\n\t<meta name=\"twitter:label2\" content=\"Tahmini okuma s\u00fcresi\" \/>\n\t<meta name=\"twitter:data2\" content=\"3 dakika\" \/>\n<script type=\"application\/ld+json\" class=\"yoast-schema-graph\">{\"@context\":\"https:\/\/schema.org\",\"@graph\":[{\"@type\":\"Article\",\"@id\":\"https:\/\/tekcevisa.com\/tr\/yatirim-yoluyla-ispanya-da-golden-visa-webinarina-bekliyoruz\/#article\",\"isPartOf\":{\"@id\":\"https:\/\/tekcevisa.com\/tr\/yatirim-yoluyla-ispanya-da-golden-visa-webinarina-bekliyoruz\/\"},\"author\":{\"name\":\"Leyla Zengin\",\"@id\":\"https:\/\/tekcevisa.com\/tr\/#\/schema\/person\/9ae874a94bdd5f54a4153e7a781793e7\"},\"headline\":\"Yat\u0131r\u0131m Yoluyla \u0130spanya\u2019da Golden Visa Webinar\u0131na Bekliyoruz!\",\"datePublished\":\"2023-05-30T08:11:42+00:00\",\"dateModified\":\"2023-06-06T06:38:21+00:00\",\"mainEntityOfPage\":{\"@id\":\"https:\/\/tekcevisa.com\/tr\/yatirim-yoluyla-ispanya-da-golden-visa-webinarina-bekliyoruz\/\"},\"wordCount\":457,\"commentCount\":0,\"publisher\":{\"@id\":\"https:\/\/tekcevisa.com\/tr\/#organization\"},\"image\":{\"@id\":\"https:\/\/tekcevisa.com\/tr\/yatirim-yoluyla-ispanya-da-golden-visa-webinarina-bekliyoruz\/#primaryimage\"},\"thumbnailUrl\":\"https:\/\/tekcevisa.com\/tr\/wp-content\/uploads\/2023\/05\/webinar-main4-tekcevisa.jpg\",\"articleSection\":{\"1\":\"Oturum \u0130zni\"},\"inLanguage\":\"tr\",\"potentialAction\":[{\"@type\":\"CommentAction\",\"name\":\"Comment\",\"target\":[\"https:\/\/tekcevisa.com\/tr\/yatirim-yoluyla-ispanya-da-golden-visa-webinarina-bekliyoruz\/#respond\"]}]},{\"@type\":\"WebPage\",\"@id\":\"https:\/\/tekcevisa.com\/tr\/yatirim-yoluyla-ispanya-da-golden-visa-webinarina-bekliyoruz\/\",\"url\":\"https:\/\/tekcevisa.com\/tr\/yatirim-yoluyla-ispanya-da-golden-visa-webinarina-bekliyoruz\/\",\"name\":\"Yat\u0131r\u0131m Yoluyla Golden Visa Edinimi Webinar\u0131\",\"isPartOf\":{\"@id\":\"https:\/\/tekcevisa.com\/tr\/#website\"},\"primaryImageOfPage\":{\"@id\":\"https:\/\/tekcevisa.com\/tr\/yatirim-yoluyla-ispanya-da-golden-visa-webinarina-bekliyoruz\/#primaryimage\"},\"image\":{\"@id\":\"https:\/\/tekcevisa.com\/tr\/yatirim-yoluyla-ispanya-da-golden-visa-webinarina-bekliyoruz\/#primaryimage\"},\"thumbnailUrl\":\"https:\/\/tekcevisa.com\/tr\/wp-content\/uploads\/2023\/05\/webinar-main4-tekcevisa.jpg\",\"datePublished\":\"2023-05-30T08:11:42+00:00\",\"dateModified\":\"2023-06-06T06:38:21+00:00\",\"description\":\"Tekce Visa, 13 Haziran'da yat\u0131r\u0131m ile \u0130spanya Golden Visa webinar\u0131 d\u00fczenliyor. Ayr\u0131nt\u0131l\u0131 etkinlik detaylar\u0131 ve kat\u0131l\u0131m bilgileri i\u00e7in yaz\u0131m\u0131za g\u00f6z at\u0131n.\",\"breadcrumb\":{\"@id\":\"https:\/\/tekcevisa.com\/tr\/yatirim-yoluyla-ispanya-da-golden-visa-webinarina-bekliyoruz\/#breadcrumb\"},\"inLanguage\":\"tr\",\"potentialAction\":[{\"@type\":\"ReadAction\",\"target\":[\"https:\/\/tekcevisa.com\/tr\/yatirim-yoluyla-ispanya-da-golden-visa-webinarina-bekliyoruz\/\"]}]},{\"@type\":\"ImageObject\",\"inLanguage\":\"tr\",\"@id\":\"https:\/\/tekcevisa.com\/tr\/yatirim-yoluyla-ispanya-da-golden-visa-webinarina-bekliyoruz\/#primaryimage\",\"url\":\"https:\/\/tekcevisa.com\/tr\/wp-content\/uploads\/2023\/05\/webinar-main4-tekcevisa.jpg\",\"contentUrl\":\"https:\/\/tekcevisa.com\/tr\/wp-content\/uploads\/2023\/05\/webinar-main4-tekcevisa.jpg\",\"width\":1024,\"height\":1024,\"caption\":\"Yat\u0131r\u0131m Yoluyla \u0130spanya Golden Visa Webinar\u0131\"},{\"@type\":\"BreadcrumbList\",\"@id\":\"https:\/\/tekcevisa.com\/tr\/yatirim-yoluyla-ispanya-da-golden-visa-webinarina-bekliyoruz\/#breadcrumb\",\"itemListElement\":[{\"@type\":\"ListItem\",\"position\":1,\"name\":\"Ana Sayfa\",\"item\":\"https:\/\/tekcevisa.com\/tr\/\"},{\"@type\":\"ListItem\",\"position\":2,\"name\":\"Yat\u0131r\u0131m Yoluyla \u0130spanya\u2019da Golden Visa Webinar\u0131na Bekliyoruz!\"}]},{\"@type\":\"WebSite\",\"@id\":\"https:\/\/tekcevisa.com\/tr\/#website\",\"url\":\"https:\/\/tekcevisa.com\/tr\/\",\"name\":\"Tekce Visa - Uluslararas\u0131 Hukuki Dan\u0131\u015fmanl\u0131k\",\"description\":\"Uluslararas\u0131 Hukuki Dan\u0131\u015fmanl\u0131k\",\"publisher\":{\"@id\":\"https:\/\/tekcevisa.com\/tr\/#organization\"},\"potentialAction\":[{\"@type\":\"SearchAction\",\"target\":{\"@type\":\"EntryPoint\",\"urlTemplate\":\"https:\/\/tekcevisa.com\/tr\/?s={search_term_string}\"},\"query-input\":{\"@type\":\"PropertyValueSpecification\",\"valueRequired\":true,\"valueName\":\"search_term_string\"}}],\"inLanguage\":\"tr\"},{\"@type\":\"Organization\",\"@id\":\"https:\/\/tekcevisa.com\/tr\/#organization\",\"name\":\"Tekce Visa\",\"url\":\"https:\/\/tekcevisa.com\/tr\/\",\"logo\":{\"@type\":\"ImageObject\",\"inLanguage\":\"tr\",\"@id\":\"https:\/\/tekcevisa.com\/tr\/#\/schema\/logo\/image\/\",\"url\":\"https:\/\/tekcevisa.com\/tr\/wp-content\/uploads\/2025\/08\/ah-tekce-visa-opened-1-removebg-preview.png\",\"contentUrl\":\"https:\/\/tekcevisa.com\/tr\/wp-content\/uploads\/2025\/08\/ah-tekce-visa-opened-1-removebg-preview.png\",\"width\":360,\"height\":360,\"caption\":\"Tekce Visa\"},\"image\":{\"@id\":\"https:\/\/tekcevisa.com\/tr\/#\/schema\/logo\/image\/\"},\"sameAs\":[\"https:\/\/www.instagram.com\/tekcevisa\/\"]},{\"@type\":\"Person\",\"@id\":\"https:\/\/tekcevisa.com\/tr\/#\/schema\/person\/9ae874a94bdd5f54a4153e7a781793e7\",\"name\":\"Leyla Zengin\",\"image\":{\"@type\":\"ImageObject\",\"inLanguage\":\"tr\",\"@id\":\"https:\/\/tekcevisa.com\/tr\/#\/schema\/person\/image\/\",\"url\":\"https:\/\/secure.gravatar.com\/avatar\/e7e09f1c6fed48348b13454ae8039e04aad644d4fd1ae5af37903d0bccc55b43?s=96&d=mm&r=g\",\"contentUrl\":\"https:\/\/secure.gravatar.com\/avatar\/e7e09f1c6fed48348b13454ae8039e04aad644d4fd1ae5af37903d0bccc55b43?s=96&d=mm&r=g\",\"caption\":\"Leyla Zengin\"},\"sameAs\":[\"https:\/\/tekcevisa.com\/\"]}]}<\/script>\n<!-- \/ Yoast SEO plugin. -->","yoast_head_json":{"title":"Yat\u0131r\u0131m Yoluyla Golden Visa Edinimi Webinar\u0131","description":"Tekce Visa, 13 Haziran'da yat\u0131r\u0131m ile \u0130spanya Golden Visa webinar\u0131 d\u00fczenliyor. Ayr\u0131nt\u0131l\u0131 etkinlik detaylar\u0131 ve kat\u0131l\u0131m bilgileri i\u00e7in yaz\u0131m\u0131za g\u00f6z at\u0131n.","robots":{"index":"index","follow":"follow","max-snippet":"max-snippet:-1","max-image-preview":"max-image-preview:large","max-video-preview":"max-video-preview:-1"},"canonical":"https:\/\/tekcevisa.com\/tr\/yatirim-yoluyla-ispanya-da-golden-visa-webinarina-bekliyoruz\/","og_locale":"tr_TR","og_type":"article","og_title":"Yat\u0131r\u0131m Yoluyla Golden Visa Edinimi Webinar\u0131","og_description":"Tekce Visa, 13 Haziran'da yat\u0131r\u0131m ile \u0130spanya Golden Visa webinar\u0131 d\u00fczenliyor. Ayr\u0131nt\u0131l\u0131 etkinlik detaylar\u0131 ve kat\u0131l\u0131m bilgileri i\u00e7in yaz\u0131m\u0131za g\u00f6z at\u0131n.","og_url":"https:\/\/tekcevisa.com\/tr\/yatirim-yoluyla-ispanya-da-golden-visa-webinarina-bekliyoruz\/","og_site_name":"Tekce Visa","article_publisher":"https:\/\/www.instagram.com\/tekcevisa\/","article_published_time":"2023-05-30T08:11:42+00:00","article_modified_time":"2023-06-06T06:38:21+00:00","og_image":[{"width":1024,"height":1024,"url":"https:\/\/tekcevisa.com\/tr\/wp-content\/uploads\/2023\/05\/webinar-main4-tekcevisa.jpg","type":"image\/jpeg"}],"author":"Leyla Zengin","twitter_card":"summary_large_image","twitter_misc":{"Yazan:":"Leyla Zengin","Tahmini okuma s\u00fcresi":"3 dakika"},"schema":{"@context":"https:\/\/schema.org","@graph":[{"@type":"Article","@id":"https:\/\/tekcevisa.com\/tr\/yatirim-yoluyla-ispanya-da-golden-visa-webinarina-bekliyoruz\/#article","isPartOf":{"@id":"https:\/\/tekcevisa.com\/tr\/yatirim-yoluyla-ispanya-da-golden-visa-webinarina-bekliyoruz\/"},"author":{"name":"Leyla Zengin","@id":"https:\/\/tekcevisa.com\/tr\/#\/schema\/person\/9ae874a94bdd5f54a4153e7a781793e7"},"headline":"Yat\u0131r\u0131m Yoluyla \u0130spanya\u2019da Golden Visa Webinar\u0131na Bekliyoruz!","datePublished":"2023-05-30T08:11:42+00:00","dateModified":"2023-06-06T06:38:21+00:00","mainEntityOfPage":{"@id":"https:\/\/tekcevisa.com\/tr\/yatirim-yoluyla-ispanya-da-golden-visa-webinarina-bekliyoruz\/"},"wordCount":457,"commentCount":0,"publisher":{"@id":"https:\/\/tekcevisa.com\/tr\/#organization"},"image":{"@id":"https:\/\/tekcevisa.com\/tr\/yatirim-yoluyla-ispanya-da-golden-visa-webinarina-bekliyoruz\/#primaryimage"},"thumbnailUrl":"https:\/\/tekcevisa.com\/tr\/wp-content\/uploads\/2023\/05\/webinar-main4-tekcevisa.jpg","articleSection":{"1":"Oturum \u0130zni"},"inLanguage":"tr","potentialAction":[{"@type":"CommentAction","name":"Comment","target":["https:\/\/tekcevisa.com\/tr\/yatirim-yoluyla-ispanya-da-golden-visa-webinarina-bekliyoruz\/#respond"]}]},{"@type":"WebPage","@id":"https:\/\/tekcevisa.com\/tr\/yatirim-yoluyla-ispanya-da-golden-visa-webinarina-bekliyoruz\/","url":"https:\/\/tekcevisa.com\/tr\/yatirim-yoluyla-ispanya-da-golden-visa-webinarina-bekliyoruz\/","name":"Yat\u0131r\u0131m Yoluyla Golden Visa Edinimi Webinar\u0131","isPartOf":{"@id":"https:\/\/tekcevisa.com\/tr\/#website"},"primaryImageOfPage":{"@id":"https:\/\/tekcevisa.com\/tr\/yatirim-yoluyla-ispanya-da-golden-visa-webinarina-bekliyoruz\/#primaryimage"},"image":{"@id":"https:\/\/tekcevisa.com\/tr\/yatirim-yoluyla-ispanya-da-golden-visa-webinarina-bekliyoruz\/#primaryimage"},"thumbnailUrl":"https:\/\/tekcevisa.com\/tr\/wp-content\/uploads\/2023\/05\/webinar-main4-tekcevisa.jpg","datePublished":"2023-05-30T08:11:42+00:00","dateModified":"2023-06-06T06:38:21+00:00","description":"Tekce Visa, 13 Haziran'da yat\u0131r\u0131m ile \u0130spanya Golden Visa webinar\u0131 d\u00fczenliyor. Ayr\u0131nt\u0131l\u0131 etkinlik detaylar\u0131 ve kat\u0131l\u0131m bilgileri i\u00e7in yaz\u0131m\u0131za g\u00f6z at\u0131n.","breadcrumb":{"@id":"https:\/\/tekcevisa.com\/tr\/yatirim-yoluyla-ispanya-da-golden-visa-webinarina-bekliyoruz\/#breadcrumb"},"inLanguage":"tr","potentialAction":[{"@type":"ReadAction","target":["https:\/\/tekcevisa.com\/tr\/yatirim-yoluyla-ispanya-da-golden-visa-webinarina-bekliyoruz\/"]}]},{"@type":"ImageObject","inLanguage":"tr","@id":"https:\/\/tekcevisa.com\/tr\/yatirim-yoluyla-ispanya-da-golden-visa-webinarina-bekliyoruz\/#primaryimage","url":"https:\/\/tekcevisa.com\/tr\/wp-content\/uploads\/2023\/05\/webinar-main4-tekcevisa.jpg","contentUrl":"https:\/\/tekcevisa.com\/tr\/wp-content\/uploads\/2023\/05\/webinar-main4-tekcevisa.jpg","width":1024,"height":1024,"caption":"Yat\u0131r\u0131m Yoluyla \u0130spanya Golden Visa Webinar\u0131"},{"@type":"BreadcrumbList","@id":"https:\/\/tekcevisa.com\/tr\/yatirim-yoluyla-ispanya-da-golden-visa-webinarina-bekliyoruz\/#breadcrumb","itemListElement":[{"@type":"ListItem","position":1,"name":"Ana Sayfa","item":"https:\/\/tekcevisa.com\/tr\/"},{"@type":"ListItem","position":2,"name":"Yat\u0131r\u0131m Yoluyla \u0130spanya\u2019da Golden Visa Webinar\u0131na Bekliyoruz!"}]},{"@type":"WebSite","@id":"https:\/\/tekcevisa.com\/tr\/#website","url":"https:\/\/tekcevisa.com\/tr\/","name":"Tekce Visa - Uluslararas\u0131 Hukuki Dan\u0131\u015fmanl\u0131k","description":"Uluslararas\u0131 Hukuki Dan\u0131\u015fmanl\u0131k","publisher":{"@id":"https:\/\/tekcevisa.com\/tr\/#organization"},"potentialAction":[{"@type":"SearchAction","target":{"@type":"EntryPoint","urlTemplate":"https:\/\/tekcevisa.com\/tr\/?s={search_term_string}"},"query-input":{"@type":"PropertyValueSpecification","valueRequired":true,"valueName":"search_term_string"}}],"inLanguage":"tr"},{"@type":"Organization","@id":"https:\/\/tekcevisa.com\/tr\/#organization","name":"Tekce Visa","url":"https:\/\/tekcevisa.com\/tr\/","logo":{"@type":"ImageObject","inLanguage":"tr","@id":"https:\/\/tekcevisa.com\/tr\/#\/schema\/logo\/image\/","url":"https:\/\/tekcevisa.com\/tr\/wp-content\/uploads\/2025\/08\/ah-tekce-visa-opened-1-removebg-preview.png","contentUrl":"https:\/\/tekcevisa.com\/tr\/wp-content\/uploads\/2025\/08\/ah-tekce-visa-opened-1-removebg-preview.png","width":360,"height":360,"caption":"Tekce Visa"},"image":{"@id":"https:\/\/tekcevisa.com\/tr\/#\/schema\/logo\/image\/"},"sameAs":["https:\/\/www.instagram.com\/tekcevisa\/"]},{"@type":"Person","@id":"https:\/\/tekcevisa.com\/tr\/#\/schema\/person\/9ae874a94bdd5f54a4153e7a781793e7","name":"Leyla Zengin","image":{"@type":"ImageObject","inLanguage":"tr","@id":"https:\/\/tekcevisa.com\/tr\/#\/schema\/person\/image\/","url":"https:\/\/secure.gravatar.com\/avatar\/e7e09f1c6fed48348b13454ae8039e04aad644d4fd1ae5af37903d0bccc55b43?s=96&d=mm&r=g","contentUrl":"https:\/\/secure.gravatar.com\/avatar\/e7e09f1c6fed48348b13454ae8039e04aad644d4fd1ae5af37903d0bccc55b43?s=96&d=mm&r=g","caption":"Leyla Zengin"},"sameAs":["https:\/\/tekcevisa.com\/"]}]}},"_links":{"self":[{"href":"https:\/\/tekcevisa.com\/tr\/wp-json\/wp\/v2\/posts\/4636","targetHints":{"allow":["GET"]}}],"collection":[{"href":"https:\/\/tekcevisa.com\/tr\/wp-json\/wp\/v2\/posts"}],"about":[{"href":"https:\/\/tekcevisa.com\/tr\/wp-json\/wp\/v2\/types\/post"}],"author":[{"embeddable":true,"href":"https:\/\/tekcevisa.com\/tr\/wp-json\/wp\/v2\/users\/2"}],"replies":[{"embeddable":true,"href":"https:\/\/tekcevisa.com\/tr\/wp-json\/wp\/v2\/comments?post=4636"}],"version-history":[{"count":10,"href":"https:\/\/tekcevisa.com\/tr\/wp-json\/wp\/v2\/posts\/4636\/revisions"}],"predecessor-version":[{"id":4964,"href":"https:\/\/tekcevisa.com\/tr\/wp-json\/wp\/v2\/posts\/4636\/revisions\/4964"}],"wp:featuredmedia":[{"embeddable":true,"href":"https:\/\/tekcevisa.com\/tr\/wp-json\/wp\/v2\/media\/4671"}],"wp:attachment":[{"href":"https:\/\/tekcevisa.com\/tr\/wp-json\/wp\/v2\/media?parent=4636"}],"wp:term":[{"taxonomy":"category","embeddable":true,"href":"https:\/\/tekcevisa.com\/tr\/wp-json\/wp\/v2\/categories?post=4636"},{"taxonomy":"post_tag","embeddable":true,"href":"https:\/\/tekcevisa.com\/tr\/wp-json\/wp\/v2\/tags?post=4636"}],"curies":[{"name":"wp","href":"https:\/\/api.w.org\/{rel}","templated":true}]}}