{"id":5025,"date":"2023-06-27T11:28:18","date_gmt":"2023-06-27T08:28:18","guid":{"rendered":"https:\/\/tekcevisa.com\/tr\/?p=5025"},"modified":"2025-08-26T12:53:19","modified_gmt":"2025-08-26T09:53:19","slug":"yatirim-yolu-ile-ispanyada-golden-visa-webinarina-davetlisiniz","status":"publish","type":"post","link":"https:\/\/tekcevisa.com\/tr\/yatirim-yolu-ile-ispanyada-golden-visa-webinarina-davetlisiniz\/","title":{"rendered":"Yat\u0131r\u0131m Yolu ile \u0130spanya\u2019da Golden Visa  Webinar\u0131na Davetlisiniz!"},"content":{"rendered":"<p class=\"p1\">% 100 m\u00fc\u015fteri mutlulu\u011fu prensibi ile \u00e7al\u0131\u015fan Tekce Visa \u2018n\u0131n nisan ay\u0131ndan bu yana d\u00fczenledi\u011fi Emlak Yat\u0131r\u0131m\u0131 ile \u0130spanya\u2019da Golden Visa (Alt\u0131n Vize) Yat\u0131r\u0131m Webinar\u0131\u2019na davetlisiniz.<span class=\"Apple-converted-space\">\u00a0<\/span><\/p>\n<p class=\"p1\">Tekce Visa\u2019n\u0131n profesyonel ekibi taraf\u0131ndan gayrimenkul yat\u0131r\u0131m\u0131 yoluyla <a href=\"https:\/\/tekcevisa.com\/tr\/oturum-izni\/ispanya\/ispanyada-golden-visa\/\"><span class=\"s1\">\u0130spanya\u2019da Golden Visa<\/span><\/a> hakk\u0131nda merak edilenler, uyum \u015fartlar\u0131, vize gereklilikleri, yasal prosed\u00fcrler, ba\u015fvuru ko\u015fullar\u0131 ve \u0130spanya\u2019da ya\u015fam ve yerel kanunlar, emlak al\u0131m-sat\u0131m prosed\u00fcr\u00fc, yat\u0131r\u0131m se\u00e7enekleri gibi bir\u00e7ok konuda, alan\u0131nda uzman avukatlar\u0131m\u0131z sorular\u0131n\u0131z\u0131 yan\u0131tlamak i\u00e7in haz\u0131r bulunuyor olacaklar.<\/p>\n<p><img decoding=\"async\" class=\" wp-image-5027 aligncenter\" src=\"https:\/\/tekcevisa.com\/tr\/wp-content\/uploads\/2023\/06\/tekce-visa-webinar-ic-gorsel4-300x109.jpg\" alt=\"yat\u0131r\u0131m yoluyla ispanya golden visa\" width=\"713\" height=\"259\" srcset=\"https:\/\/tekcevisa.com\/tr\/wp-content\/uploads\/2023\/06\/tekce-visa-webinar-ic-gorsel4-300x109.jpg 300w, https:\/\/tekcevisa.com\/tr\/wp-content\/uploads\/2023\/06\/tekce-visa-webinar-ic-gorsel4-1024x373.jpg 1024w, https:\/\/tekcevisa.com\/tr\/wp-content\/uploads\/2023\/06\/tekce-visa-webinar-ic-gorsel4-768x280.jpg 768w, https:\/\/tekcevisa.com\/tr\/wp-content\/uploads\/2023\/06\/tekce-visa-webinar-ic-gorsel4-1536x560.jpg 1536w, https:\/\/tekcevisa.com\/tr\/wp-content\/uploads\/2023\/06\/tekce-visa-webinar-ic-gorsel4-260x95.jpg 260w, https:\/\/tekcevisa.com\/tr\/wp-content\/uploads\/2023\/06\/tekce-visa-webinar-ic-gorsel4-50x18.jpg 50w, https:\/\/tekcevisa.com\/tr\/wp-content\/uploads\/2023\/06\/tekce-visa-webinar-ic-gorsel4-150x55.jpg 150w, https:\/\/tekcevisa.com\/tr\/wp-content\/uploads\/2023\/06\/tekce-visa-webinar-ic-gorsel4.jpg 1920w\" sizes=\"(max-width: 713px) 100vw, 713px\" \/><\/p>\n<p class=\"p1\">Etkinli\u011fe kat\u0131lmak, Golden Visa ve ayr\u0131cal\u0131kl\u0131 hizmetlerimiz hakk\u0131nda daha fazla bilgi almak i\u00e7in etkinlik detaylar\u0131n\u0131 kaydetmeyi unutmay\u0131n.<\/p>\n<p class=\"p3\">Moderat\u00f6r: \u0130hsan Erol<\/p>\n<p class=\"p3\">Avukatlar: Funda Gizem \u00c7elik, Sefa Muhammed Y\u0131lmaz<\/p>\n<p class=\"p1\">Etkinlik Detaylar\u0131:<\/p>\n<p class=\"p3\">8 Temmuz Cumartesi &#8211; 11.00<\/p>\n<p class=\"p1\">Webinar g\u00fcn ve saatinde aktif olacak oturum linkini sizinle payla\u015fabilmemiz ad\u0131na l\u00fctfen ileti\u015fim bilgilerini doldurunuz.<\/p>\n<p class=\"p3\"><i>Not: Etkinlik tek oturum halinde T\u00fcrk\u00e7e olarak ger\u00e7ekle\u015fecektir.<\/i><\/p>\n","protected":false},"excerpt":{"rendered":"<p>% 100 m\u00fc\u015fteri mutlulu\u011fu prensibi ile \u00e7al\u0131\u015fan Tekce Visa \u2018n\u0131n<span class=\"excerpt-hellip\"> [\u2026]<\/span><\/p>\n","protected":false},"author":6,"featured_media":5026,"comment_status":"open","ping_status":"open","sticky":false,"template":"","format":"standard","meta":{"footnotes":""},"categories":[1],"tags":[],"class_list":["post-5025","post","type-post","status-publish","format-standard","has-post-thumbnail","hentry","category-genel"],"yoast_head":"<!-- This site is optimized with the Yoast SEO plugin v24.2 - https:\/\/yoast.com\/wordpress\/plugins\/seo\/ -->\n<title>\u0130spanya Golden Visa Yat\u0131r\u0131m Webinar\u0131n\u0131 \u2013 Tekce Visa<\/title>\n<meta name=\"description\" content=\"Tekce Visa\u2019n\u0131n profesyonel ekibi \u0130spanya Golden Visa hakk\u0131nda merak edilen her \u015feyi yan\u0131tl\u0131yor. \u015eimdi kat\u0131l\u0131n!\" \/>\n<meta name=\"robots\" content=\"index, follow, max-snippet:-1, max-image-preview:large, max-video-preview:-1\" \/>\n<link rel=\"canonical\" href=\"https:\/\/tekcevisa.com\/tr\/yatirim-yolu-ile-ispanyada-golden-visa-webinarina-davetlisiniz\/\" \/>\n<meta property=\"og:locale\" content=\"tr_TR\" \/>\n<meta property=\"og:type\" content=\"article\" \/>\n<meta property=\"og:title\" content=\"\u0130spanya Golden Visa Yat\u0131r\u0131m Webinar\u0131n\u0131 \u2013 Tekce Visa\" \/>\n<meta property=\"og:description\" content=\"Tekce Visa\u2019n\u0131n profesyonel ekibi \u0130spanya Golden Visa hakk\u0131nda merak edilen her \u015feyi yan\u0131tl\u0131yor. \u015eimdi kat\u0131l\u0131n!\" \/>\n<meta property=\"og:url\" content=\"https:\/\/tekcevisa.com\/tr\/yatirim-yolu-ile-ispanyada-golden-visa-webinarina-davetlisiniz\/\" \/>\n<meta property=\"og:site_name\" content=\"Tekce Visa\" \/>\n<meta property=\"article:publisher\" content=\"https:\/\/www.instagram.com\/tekcevisa\/\" \/>\n<meta property=\"article:published_time\" content=\"2023-06-27T08:28:18+00:00\" \/>\n<meta property=\"article:modified_time\" content=\"2025-08-26T09:53:19+00:00\" \/>\n<meta property=\"og:image\" content=\"https:\/\/tekcevisa.com\/tr\/wp-content\/uploads\/2023\/06\/tekce-visa-webinar-blog-cover-8-tem-02-alicante.jpg\" \/>\n\t<meta property=\"og:image:width\" content=\"1024\" \/>\n\t<meta property=\"og:image:height\" content=\"1024\" \/>\n\t<meta property=\"og:image:type\" content=\"image\/jpeg\" \/>\n<meta name=\"author\" content=\"adminbayramtr\" \/>\n<meta name=\"twitter:card\" content=\"summary_large_image\" \/>\n<meta name=\"twitter:label1\" content=\"Yazan:\" \/>\n\t<meta name=\"twitter:data1\" content=\"adminbayramtr\" \/>\n\t<meta name=\"twitter:label2\" content=\"Tahmini okuma s\u00fcresi\" \/>\n\t<meta name=\"twitter:data2\" content=\"2 dakika\" \/>\n<script type=\"application\/ld+json\" class=\"yoast-schema-graph\">{\"@context\":\"https:\/\/schema.org\",\"@graph\":[{\"@type\":\"Article\",\"@id\":\"https:\/\/tekcevisa.com\/tr\/yatirim-yolu-ile-ispanyada-golden-visa-webinarina-davetlisiniz\/#article\",\"isPartOf\":{\"@id\":\"https:\/\/tekcevisa.com\/tr\/yatirim-yolu-ile-ispanyada-golden-visa-webinarina-davetlisiniz\/\"},\"author\":{\"name\":\"adminbayramtr\",\"@id\":\"https:\/\/tekcevisa.com\/tr\/#\/schema\/person\/2d2e96e0379e51d8b181bf60b52f2942\"},\"headline\":\"Yat\u0131r\u0131m Yolu ile \u0130spanya\u2019da Golden Visa Webinar\u0131na Davetlisiniz!\",\"datePublished\":\"2023-06-27T08:28:18+00:00\",\"dateModified\":\"2025-08-26T09:53:19+00:00\",\"mainEntityOfPage\":{\"@id\":\"https:\/\/tekcevisa.com\/tr\/yatirim-yolu-ile-ispanyada-golden-visa-webinarina-davetlisiniz\/\"},\"wordCount\":196,\"commentCount\":0,\"publisher\":{\"@id\":\"https:\/\/tekcevisa.com\/tr\/#organization\"},\"image\":{\"@id\":\"https:\/\/tekcevisa.com\/tr\/yatirim-yolu-ile-ispanyada-golden-visa-webinarina-davetlisiniz\/#primaryimage\"},\"thumbnailUrl\":\"https:\/\/tekcevisa.com\/tr\/wp-content\/uploads\/2023\/06\/tekce-visa-webinar-blog-cover-8-tem-02-alicante.jpg\",\"inLanguage\":\"tr\",\"potentialAction\":[{\"@type\":\"CommentAction\",\"name\":\"Comment\",\"target\":[\"https:\/\/tekcevisa.com\/tr\/yatirim-yolu-ile-ispanyada-golden-visa-webinarina-davetlisiniz\/#respond\"]}]},{\"@type\":\"WebPage\",\"@id\":\"https:\/\/tekcevisa.com\/tr\/yatirim-yolu-ile-ispanyada-golden-visa-webinarina-davetlisiniz\/\",\"url\":\"https:\/\/tekcevisa.com\/tr\/yatirim-yolu-ile-ispanyada-golden-visa-webinarina-davetlisiniz\/\",\"name\":\"\u0130spanya Golden Visa Yat\u0131r\u0131m Webinar\u0131n\u0131 \u2013 Tekce Visa\",\"isPartOf\":{\"@id\":\"https:\/\/tekcevisa.com\/tr\/#website\"},\"primaryImageOfPage\":{\"@id\":\"https:\/\/tekcevisa.com\/tr\/yatirim-yolu-ile-ispanyada-golden-visa-webinarina-davetlisiniz\/#primaryimage\"},\"image\":{\"@id\":\"https:\/\/tekcevisa.com\/tr\/yatirim-yolu-ile-ispanyada-golden-visa-webinarina-davetlisiniz\/#primaryimage\"},\"thumbnailUrl\":\"https:\/\/tekcevisa.com\/tr\/wp-content\/uploads\/2023\/06\/tekce-visa-webinar-blog-cover-8-tem-02-alicante.jpg\",\"datePublished\":\"2023-06-27T08:28:18+00:00\",\"dateModified\":\"2025-08-26T09:53:19+00:00\",\"description\":\"Tekce Visa\u2019n\u0131n profesyonel ekibi \u0130spanya Golden Visa hakk\u0131nda merak edilen her \u015feyi yan\u0131tl\u0131yor. \u015eimdi kat\u0131l\u0131n!\",\"breadcrumb\":{\"@id\":\"https:\/\/tekcevisa.com\/tr\/yatirim-yolu-ile-ispanyada-golden-visa-webinarina-davetlisiniz\/#breadcrumb\"},\"inLanguage\":\"tr\",\"potentialAction\":[{\"@type\":\"ReadAction\",\"target\":[\"https:\/\/tekcevisa.com\/tr\/yatirim-yolu-ile-ispanyada-golden-visa-webinarina-davetlisiniz\/\"]}]},{\"@type\":\"ImageObject\",\"inLanguage\":\"tr\",\"@id\":\"https:\/\/tekcevisa.com\/tr\/yatirim-yolu-ile-ispanyada-golden-visa-webinarina-davetlisiniz\/#primaryimage\",\"url\":\"https:\/\/tekcevisa.com\/tr\/wp-content\/uploads\/2023\/06\/tekce-visa-webinar-blog-cover-8-tem-02-alicante.jpg\",\"contentUrl\":\"https:\/\/tekcevisa.com\/tr\/wp-content\/uploads\/2023\/06\/tekce-visa-webinar-blog-cover-8-tem-02-alicante.jpg\",\"width\":1024,\"height\":1024,\"caption\":\"yat\u0131r\u0131m yoluyla ispanyada oturum izni\"},{\"@type\":\"BreadcrumbList\",\"@id\":\"https:\/\/tekcevisa.com\/tr\/yatirim-yolu-ile-ispanyada-golden-visa-webinarina-davetlisiniz\/#breadcrumb\",\"itemListElement\":[{\"@type\":\"ListItem\",\"position\":1,\"name\":\"Ana Sayfa\",\"item\":\"https:\/\/tekcevisa.com\/tr\/\"},{\"@type\":\"ListItem\",\"position\":2,\"name\":\"Yat\u0131r\u0131m Yolu ile \u0130spanya\u2019da Golden Visa Webinar\u0131na Davetlisiniz!\"}]},{\"@type\":\"WebSite\",\"@id\":\"https:\/\/tekcevisa.com\/tr\/#website\",\"url\":\"https:\/\/tekcevisa.com\/tr\/\",\"name\":\"Tekce Visa - Uluslararas\u0131 Hukuki Dan\u0131\u015fmanl\u0131k\",\"description\":\"Uluslararas\u0131 Hukuki Dan\u0131\u015fmanl\u0131k\",\"publisher\":{\"@id\":\"https:\/\/tekcevisa.com\/tr\/#organization\"},\"potentialAction\":[{\"@type\":\"SearchAction\",\"target\":{\"@type\":\"EntryPoint\",\"urlTemplate\":\"https:\/\/tekcevisa.com\/tr\/?s={search_term_string}\"},\"query-input\":{\"@type\":\"PropertyValueSpecification\",\"valueRequired\":true,\"valueName\":\"search_term_string\"}}],\"inLanguage\":\"tr\"},{\"@type\":\"Organization\",\"@id\":\"https:\/\/tekcevisa.com\/tr\/#organization\",\"name\":\"Tekce Visa\",\"url\":\"https:\/\/tekcevisa.com\/tr\/\",\"logo\":{\"@type\":\"ImageObject\",\"inLanguage\":\"tr\",\"@id\":\"https:\/\/tekcevisa.com\/tr\/#\/schema\/logo\/image\/\",\"url\":\"https:\/\/tekcevisa.com\/tr\/wp-content\/uploads\/2025\/08\/ah-tekce-visa-opened-1-removebg-preview.png\",\"contentUrl\":\"https:\/\/tekcevisa.com\/tr\/wp-content\/uploads\/2025\/08\/ah-tekce-visa-opened-1-removebg-preview.png\",\"width\":360,\"height\":360,\"caption\":\"Tekce Visa\"},\"image\":{\"@id\":\"https:\/\/tekcevisa.com\/tr\/#\/schema\/logo\/image\/\"},\"sameAs\":[\"https:\/\/www.instagram.com\/tekcevisa\/\"]},{\"@type\":\"Person\",\"@id\":\"https:\/\/tekcevisa.com\/tr\/#\/schema\/person\/2d2e96e0379e51d8b181bf60b52f2942\",\"name\":\"adminbayramtr\",\"image\":{\"@type\":\"ImageObject\",\"inLanguage\":\"tr\",\"@id\":\"https:\/\/tekcevisa.com\/tr\/#\/schema\/person\/image\/\",\"url\":\"https:\/\/secure.gravatar.com\/avatar\/b4d030d86004ebef13e745b1e1cb84aacfdf30b7e02619862277f1649ec3b137?s=96&d=mm&r=g\",\"contentUrl\":\"https:\/\/secure.gravatar.com\/avatar\/b4d030d86004ebef13e745b1e1cb84aacfdf30b7e02619862277f1649ec3b137?s=96&d=mm&r=g\",\"caption\":\"adminbayramtr\"}}]}<\/script>\n<!-- \/ Yoast SEO plugin. -->","yoast_head_json":{"title":"\u0130spanya Golden Visa Yat\u0131r\u0131m Webinar\u0131n\u0131 \u2013 Tekce Visa","description":"Tekce Visa\u2019n\u0131n profesyonel ekibi \u0130spanya Golden Visa hakk\u0131nda merak edilen her \u015feyi yan\u0131tl\u0131yor. \u015eimdi kat\u0131l\u0131n!","robots":{"index":"index","follow":"follow","max-snippet":"max-snippet:-1","max-image-preview":"max-image-preview:large","max-video-preview":"max-video-preview:-1"},"canonical":"https:\/\/tekcevisa.com\/tr\/yatirim-yolu-ile-ispanyada-golden-visa-webinarina-davetlisiniz\/","og_locale":"tr_TR","og_type":"article","og_title":"\u0130spanya Golden Visa Yat\u0131r\u0131m Webinar\u0131n\u0131 \u2013 Tekce Visa","og_description":"Tekce Visa\u2019n\u0131n profesyonel ekibi \u0130spanya Golden Visa hakk\u0131nda merak edilen her \u015feyi yan\u0131tl\u0131yor. \u015eimdi kat\u0131l\u0131n!","og_url":"https:\/\/tekcevisa.com\/tr\/yatirim-yolu-ile-ispanyada-golden-visa-webinarina-davetlisiniz\/","og_site_name":"Tekce Visa","article_publisher":"https:\/\/www.instagram.com\/tekcevisa\/","article_published_time":"2023-06-27T08:28:18+00:00","article_modified_time":"2025-08-26T09:53:19+00:00","og_image":[{"width":1024,"height":1024,"url":"https:\/\/tekcevisa.com\/tr\/wp-content\/uploads\/2023\/06\/tekce-visa-webinar-blog-cover-8-tem-02-alicante.jpg","type":"image\/jpeg"}],"author":"adminbayramtr","twitter_card":"summary_large_image","twitter_misc":{"Yazan:":"adminbayramtr","Tahmini okuma s\u00fcresi":"2 dakika"},"schema":{"@context":"https:\/\/schema.org","@graph":[{"@type":"Article","@id":"https:\/\/tekcevisa.com\/tr\/yatirim-yolu-ile-ispanyada-golden-visa-webinarina-davetlisiniz\/#article","isPartOf":{"@id":"https:\/\/tekcevisa.com\/tr\/yatirim-yolu-ile-ispanyada-golden-visa-webinarina-davetlisiniz\/"},"author":{"name":"adminbayramtr","@id":"https:\/\/tekcevisa.com\/tr\/#\/schema\/person\/2d2e96e0379e51d8b181bf60b52f2942"},"headline":"Yat\u0131r\u0131m Yolu ile \u0130spanya\u2019da Golden Visa Webinar\u0131na Davetlisiniz!","datePublished":"2023-06-27T08:28:18+00:00","dateModified":"2025-08-26T09:53:19+00:00","mainEntityOfPage":{"@id":"https:\/\/tekcevisa.com\/tr\/yatirim-yolu-ile-ispanyada-golden-visa-webinarina-davetlisiniz\/"},"wordCount":196,"commentCount":0,"publisher":{"@id":"https:\/\/tekcevisa.com\/tr\/#organization"},"image":{"@id":"https:\/\/tekcevisa.com\/tr\/yatirim-yolu-ile-ispanyada-golden-visa-webinarina-davetlisiniz\/#primaryimage"},"thumbnailUrl":"https:\/\/tekcevisa.com\/tr\/wp-content\/uploads\/2023\/06\/tekce-visa-webinar-blog-cover-8-tem-02-alicante.jpg","inLanguage":"tr","potentialAction":[{"@type":"CommentAction","name":"Comment","target":["https:\/\/tekcevisa.com\/tr\/yatirim-yolu-ile-ispanyada-golden-visa-webinarina-davetlisiniz\/#respond"]}]},{"@type":"WebPage","@id":"https:\/\/tekcevisa.com\/tr\/yatirim-yolu-ile-ispanyada-golden-visa-webinarina-davetlisiniz\/","url":"https:\/\/tekcevisa.com\/tr\/yatirim-yolu-ile-ispanyada-golden-visa-webinarina-davetlisiniz\/","name":"\u0130spanya Golden Visa Yat\u0131r\u0131m Webinar\u0131n\u0131 \u2013 Tekce Visa","isPartOf":{"@id":"https:\/\/tekcevisa.com\/tr\/#website"},"primaryImageOfPage":{"@id":"https:\/\/tekcevisa.com\/tr\/yatirim-yolu-ile-ispanyada-golden-visa-webinarina-davetlisiniz\/#primaryimage"},"image":{"@id":"https:\/\/tekcevisa.com\/tr\/yatirim-yolu-ile-ispanyada-golden-visa-webinarina-davetlisiniz\/#primaryimage"},"thumbnailUrl":"https:\/\/tekcevisa.com\/tr\/wp-content\/uploads\/2023\/06\/tekce-visa-webinar-blog-cover-8-tem-02-alicante.jpg","datePublished":"2023-06-27T08:28:18+00:00","dateModified":"2025-08-26T09:53:19+00:00","description":"Tekce Visa\u2019n\u0131n profesyonel ekibi \u0130spanya Golden Visa hakk\u0131nda merak edilen her \u015feyi yan\u0131tl\u0131yor. \u015eimdi kat\u0131l\u0131n!","breadcrumb":{"@id":"https:\/\/tekcevisa.com\/tr\/yatirim-yolu-ile-ispanyada-golden-visa-webinarina-davetlisiniz\/#breadcrumb"},"inLanguage":"tr","potentialAction":[{"@type":"ReadAction","target":["https:\/\/tekcevisa.com\/tr\/yatirim-yolu-ile-ispanyada-golden-visa-webinarina-davetlisiniz\/"]}]},{"@type":"ImageObject","inLanguage":"tr","@id":"https:\/\/tekcevisa.com\/tr\/yatirim-yolu-ile-ispanyada-golden-visa-webinarina-davetlisiniz\/#primaryimage","url":"https:\/\/tekcevisa.com\/tr\/wp-content\/uploads\/2023\/06\/tekce-visa-webinar-blog-cover-8-tem-02-alicante.jpg","contentUrl":"https:\/\/tekcevisa.com\/tr\/wp-content\/uploads\/2023\/06\/tekce-visa-webinar-blog-cover-8-tem-02-alicante.jpg","width":1024,"height":1024,"caption":"yat\u0131r\u0131m yoluyla ispanyada oturum izni"},{"@type":"BreadcrumbList","@id":"https:\/\/tekcevisa.com\/tr\/yatirim-yolu-ile-ispanyada-golden-visa-webinarina-davetlisiniz\/#breadcrumb","itemListElement":[{"@type":"ListItem","position":1,"name":"Ana Sayfa","item":"https:\/\/tekcevisa.com\/tr\/"},{"@type":"ListItem","position":2,"name":"Yat\u0131r\u0131m Yolu ile \u0130spanya\u2019da Golden Visa Webinar\u0131na Davetlisiniz!"}]},{"@type":"WebSite","@id":"https:\/\/tekcevisa.com\/tr\/#website","url":"https:\/\/tekcevisa.com\/tr\/","name":"Tekce Visa - Uluslararas\u0131 Hukuki Dan\u0131\u015fmanl\u0131k","description":"Uluslararas\u0131 Hukuki Dan\u0131\u015fmanl\u0131k","publisher":{"@id":"https:\/\/tekcevisa.com\/tr\/#organization"},"potentialAction":[{"@type":"SearchAction","target":{"@type":"EntryPoint","urlTemplate":"https:\/\/tekcevisa.com\/tr\/?s={search_term_string}"},"query-input":{"@type":"PropertyValueSpecification","valueRequired":true,"valueName":"search_term_string"}}],"inLanguage":"tr"},{"@type":"Organization","@id":"https:\/\/tekcevisa.com\/tr\/#organization","name":"Tekce Visa","url":"https:\/\/tekcevisa.com\/tr\/","logo":{"@type":"ImageObject","inLanguage":"tr","@id":"https:\/\/tekcevisa.com\/tr\/#\/schema\/logo\/image\/","url":"https:\/\/tekcevisa.com\/tr\/wp-content\/uploads\/2025\/08\/ah-tekce-visa-opened-1-removebg-preview.png","contentUrl":"https:\/\/tekcevisa.com\/tr\/wp-content\/uploads\/2025\/08\/ah-tekce-visa-opened-1-removebg-preview.png","width":360,"height":360,"caption":"Tekce Visa"},"image":{"@id":"https:\/\/tekcevisa.com\/tr\/#\/schema\/logo\/image\/"},"sameAs":["https:\/\/www.instagram.com\/tekcevisa\/"]},{"@type":"Person","@id":"https:\/\/tekcevisa.com\/tr\/#\/schema\/person\/2d2e96e0379e51d8b181bf60b52f2942","name":"adminbayramtr","image":{"@type":"ImageObject","inLanguage":"tr","@id":"https:\/\/tekcevisa.com\/tr\/#\/schema\/person\/image\/","url":"https:\/\/secure.gravatar.com\/avatar\/b4d030d86004ebef13e745b1e1cb84aacfdf30b7e02619862277f1649ec3b137?s=96&d=mm&r=g","contentUrl":"https:\/\/secure.gravatar.com\/avatar\/b4d030d86004ebef13e745b1e1cb84aacfdf30b7e02619862277f1649ec3b137?s=96&d=mm&r=g","caption":"adminbayramtr"}}]}},"_links":{"self":[{"href":"https:\/\/tekcevisa.com\/tr\/wp-json\/wp\/v2\/posts\/5025","targetHints":{"allow":["GET"]}}],"collection":[{"href":"https:\/\/tekcevisa.com\/tr\/wp-json\/wp\/v2\/posts"}],"about":[{"href":"https:\/\/tekcevisa.com\/tr\/wp-json\/wp\/v2\/types\/post"}],"author":[{"embeddable":true,"href":"https:\/\/tekcevisa.com\/tr\/wp-json\/wp\/v2\/users\/6"}],"replies":[{"embeddable":true,"href":"https:\/\/tekcevisa.com\/tr\/wp-json\/wp\/v2\/comments?post=5025"}],"version-history":[{"count":1,"href":"https:\/\/tekcevisa.com\/tr\/wp-json\/wp\/v2\/posts\/5025\/revisions"}],"predecessor-version":[{"id":5028,"href":"https:\/\/tekcevisa.com\/tr\/wp-json\/wp\/v2\/posts\/5025\/revisions\/5028"}],"wp:featuredmedia":[{"embeddable":true,"href":"https:\/\/tekcevisa.com\/tr\/wp-json\/wp\/v2\/media\/5026"}],"wp:attachment":[{"href":"https:\/\/tekcevisa.com\/tr\/wp-json\/wp\/v2\/media?parent=5025"}],"wp:term":[{"taxonomy":"category","embeddable":true,"href":"https:\/\/tekcevisa.com\/tr\/wp-json\/wp\/v2\/categories?post=5025"},{"taxonomy":"post_tag","embeddable":true,"href":"https:\/\/tekcevisa.com\/tr\/wp-json\/wp\/v2\/tags?post=5025"}],"curies":[{"name":"wp","href":"https:\/\/api.w.org\/{rel}","templated":true}]}}