{"id":5032,"date":"2023-07-27T15:54:54","date_gmt":"2023-07-27T12:54:54","guid":{"rendered":"https:\/\/tekcevisa.com\/tr\/?p=5032"},"modified":"2023-07-27T17:45:28","modified_gmt":"2023-07-27T14:45:28","slug":"golden-visa-icin-ispanya-mi-portekiz-mi-yunanistan-mi","status":"publish","type":"post","link":"https:\/\/tekcevisa.com\/tr\/golden-visa-icin-ispanya-mi-portekiz-mi-yunanistan-mi\/","title":{"rendered":"Golden Visa i\u00e7in \u0130spanya m\u0131, Portekiz mi, Yunanistan m\u0131?"},"content":{"rendered":"<div id=\"ez-toc-container\" class=\"ez-toc-v2_0_62 counter-hierarchy ez-toc-counter ez-toc-transparent ez-toc-container-direction\">\n<div class=\"ez-toc-title-container\">\n<p class=\"ez-toc-title \" >\u0130&ccedil;indekiler<\/p>\n<span class=\"ez-toc-title-toggle\"><\/span><\/div>\n<nav><ul class='ez-toc-list ez-toc-list-level-1 ' ><li class='ez-toc-page-1 ez-toc-heading-level-2'><a class=\"ez-toc-link ez-toc-heading-1\" href=\"https:\/\/tekcevisa.com\/tr\/golden-visa-icin-ispanya-mi-portekiz-mi-yunanistan-mi\/#Golden_Visa_Nedir_Ispanya_Portekiz_ve_Yunanistanda_Golden_Visa_Sureci_Nasil_Isler\" title=\"Golden Visa Nedir? \u0130spanya, Portekiz ve Yunanistan&#8217;da Golden Visa S\u00fcreci Nas\u0131l \u0130\u015fler?\">Golden Visa Nedir? \u0130spanya, Portekiz ve Yunanistan&#8217;da Golden Visa S\u00fcreci Nas\u0131l \u0130\u015fler?<\/a><\/li><li class='ez-toc-page-1 ez-toc-heading-level-2'><a class=\"ez-toc-link ez-toc-heading-2\" href=\"https:\/\/tekcevisa.com\/tr\/golden-visa-icin-ispanya-mi-portekiz-mi-yunanistan-mi\/#Ispanya_Portekiz_ve_Yunanistanda_Golden_Visa_Basvurusu_icin_Mevcut_Yatirim_Secenekleri_Nelerdir\" title=\"\u0130spanya, Portekiz ve Yunanistan&#8217;da Golden Visa Ba\u015fvurusu i\u00e7in Mevcut Yat\u0131r\u0131m Se\u00e7enekleri Nelerdir?\">\u0130spanya, Portekiz ve Yunanistan&#8217;da Golden Visa Ba\u015fvurusu i\u00e7in Mevcut Yat\u0131r\u0131m Se\u00e7enekleri Nelerdir?<\/a><\/li><li class='ez-toc-page-1 ez-toc-heading-level-2'><a class=\"ez-toc-link ez-toc-heading-3\" href=\"https:\/\/tekcevisa.com\/tr\/golden-visa-icin-ispanya-mi-portekiz-mi-yunanistan-mi\/#Ispanya_Portekiz_ve_Yunanistanda_Golden_Visa_Basvuru_Sartlari_Nelerdir\" title=\"\u0130spanya, Portekiz ve Yunanistan&#8217;da Golden Visa Ba\u015fvuru \u015eartlar\u0131 Nelerdir?\">\u0130spanya, Portekiz ve Yunanistan&#8217;da Golden Visa Ba\u015fvuru \u015eartlar\u0131 Nelerdir?<\/a><\/li><li class='ez-toc-page-1 ez-toc-heading-level-2'><a class=\"ez-toc-link ez-toc-heading-4\" href=\"https:\/\/tekcevisa.com\/tr\/golden-visa-icin-ispanya-mi-portekiz-mi-yunanistan-mi\/#Ispanya_Portekiz_ve_Yunanistanda_Golden_Visa_Almak_Ne_Kadar_Surer\" title=\"\u0130spanya, Portekiz ve Yunanistan&#8217;da Golden Visa Almak Ne Kadar S\u00fcrer?\">\u0130spanya, Portekiz ve Yunanistan&#8217;da Golden Visa Almak Ne Kadar S\u00fcrer?<\/a><\/li><li class='ez-toc-page-1 ez-toc-heading-level-2'><a class=\"ez-toc-link ez-toc-heading-5\" href=\"https:\/\/tekcevisa.com\/tr\/golden-visa-icin-ispanya-mi-portekiz-mi-yunanistan-mi\/#Ispanya_Portekiz_ve_Yunanistanda_Golden_Visa_ile_Ne_Kadar_Sure_Sonra_Vatandasliga_Basvurabilirsiniz_Zorunlu_Ikamet_Sureleri_Nedir\" title=\"\u0130spanya, Portekiz ve Yunanistan&#8217;da Golden Visa ile Ne Kadar S\u00fcre Sonra Vatanda\u015fl\u0131\u011fa Ba\u015fvurabilirsiniz? Zorunlu \u0130kamet S\u00fcreleri Nedir?\">\u0130spanya, Portekiz ve Yunanistan&#8217;da Golden Visa ile Ne Kadar S\u00fcre Sonra Vatanda\u015fl\u0131\u011fa Ba\u015fvurabilirsiniz? Zorunlu \u0130kamet S\u00fcreleri Nedir?<\/a><\/li><li class='ez-toc-page-1 ez-toc-heading-level-2'><a class=\"ez-toc-link ez-toc-heading-6\" href=\"https:\/\/tekcevisa.com\/tr\/golden-visa-icin-ispanya-mi-portekiz-mi-yunanistan-mi\/#Ispanya_Portekiz_ve_Yunanistanda_Golden_Visa_Sahibi_Olduktan_Sonra_Vergi_Oder_Miyim\" title=\"\u0130spanya, Portekiz ve Yunanistan&#8217;da Golden Visa Sahibi Olduktan Sonra Vergi \u00d6der Miyim?\">\u0130spanya, Portekiz ve Yunanistan&#8217;da Golden Visa Sahibi Olduktan Sonra Vergi \u00d6der Miyim?<\/a><\/li><li class='ez-toc-page-1 ez-toc-heading-level-2'><a class=\"ez-toc-link ez-toc-heading-7\" href=\"https:\/\/tekcevisa.com\/tr\/golden-visa-icin-ispanya-mi-portekiz-mi-yunanistan-mi\/#Ispanya_Portekiz_ve_Yunanistanda_Golden_Visa_Almanin_Maliyeti_Nedir\" title=\"\u0130spanya, Portekiz ve Yunanistan&#8217;da Golden Visa Alman\u0131n Maliyeti Nedir?\">\u0130spanya, Portekiz ve Yunanistan&#8217;da Golden Visa Alman\u0131n Maliyeti Nedir?<\/a><\/li><li class='ez-toc-page-1 ez-toc-heading-level-2'><a class=\"ez-toc-link ez-toc-heading-8\" href=\"https:\/\/tekcevisa.com\/tr\/golden-visa-icin-ispanya-mi-portekiz-mi-yunanistan-mi\/#Ispanya_Portekiz_ve_Yunanistanda_Golden_Visa_Sahibi_Olmanin_Sagladigi_Avantajlar_Nelerdir\" title=\"\u0130spanya, Portekiz ve Yunanistan&#8217;da Golden Visa Sahibi Olman\u0131n Sa\u011flad\u0131\u011f\u0131 Avantajlar Nelerdir?\">\u0130spanya, Portekiz ve Yunanistan&#8217;da Golden Visa Sahibi Olman\u0131n Sa\u011flad\u0131\u011f\u0131 Avantajlar Nelerdir?<\/a><\/li><li class='ez-toc-page-1 ez-toc-heading-level-2'><a class=\"ez-toc-link ez-toc-heading-9\" href=\"https:\/\/tekcevisa.com\/tr\/golden-visa-icin-ispanya-mi-portekiz-mi-yunanistan-mi\/#Ispanya_Portekiz_Ve_Yunanistandaki_Golden_Visa_Programlari_Arasindaki_Farklar_Nelerdir_En_Iyisi_Hangisidir\" title=\"\u0130spanya, Portekiz Ve Yunanistan&#8217;daki Golden Visa Programlar\u0131 Aras\u0131ndaki Farklar Nelerdir? En \u0130yisi Hangisidir?\">\u0130spanya, Portekiz Ve Yunanistan&#8217;daki Golden Visa Programlar\u0131 Aras\u0131ndaki Farklar Nelerdir? En \u0130yisi Hangisidir?<\/a><\/li><\/ul><\/nav><\/div>\n<p>\u00c7ok say\u0131da yat\u0131r\u0131mc\u0131, Avrupa vatanda\u015f\u0131 olmak ve yat\u0131r\u0131mlar\u0131n\u0131 ve hayat \u015fartlar\u0131n\u0131 iyile\u015ftirmek ad\u0131na Golden Visa (Alt\u0131n Vize) isimli g\u00f6\u00e7men yat\u0131r\u0131mc\u0131 program\u0131n\u0131 tercih ediyor. 20\u2019nin \u00fczerinde \u00fclkede aktif olan bu program\u0131n en reva\u00e7ta oldu\u011fu \u00fclkeler ise \u00f6zellikle \u0130spanya ba\u015fta olmak \u00fczere, Portekiz ve Yunanistan.<\/p>\n<p>Ancak Portekiz, emlak pazar\u0131n\u0131 yeniden yap\u0131land\u0131rmak ad\u0131na olduk\u00e7a ra\u011fbet g\u00f6ren Golden Visa program\u0131n\u0131 sonland\u0131rma karar\u0131 ald\u0131. \u015eu anda detaylar\u0131 \u00fczerinde \u00e7al\u0131\u015f\u0131lan yasa tasar\u0131s\u0131n\u0131n, meclis \u00e7o\u011funlu\u011fu ile ge\u00e7ece\u011fi tahmin ediliyor.<\/p>\n<p>\u00d6te yandan, Portekiz Golden Visa program\u0131na ba\u015fvurmak i\u00e7in h\u00e2l\u00e2 zaman var. \u00d6zellikle s\u00fcrece hakim bir emlak uzman\u0131 ile \u00e7al\u0131\u015f\u0131rsan\u0131z, vizenizi zaman\u0131nda alabilir ve s\u00fcreci \u00e7ok kolay bir \u015fekilde atlatabilirsiniz. Bundan dolay\u0131, konu ile alakal\u0131 t\u00fcm bilgileri yaz\u0131m\u0131za sizin i\u00e7in dahil ettik. Portekiz\u2019in Golden Visa karar\u0131 ile ilgili daha fazla bilgi i\u00e7in buraya t\u0131klayabilirsiniz.<\/p>\n<p>Bu yaz\u0131m\u0131zda bu \u00fc\u00e7 \u00fclkeye ait olan Golden Visa programlar\u0131n\u0131n farkl\u0131l\u0131klar\u0131n\u0131, benzerliklerini ve sundu\u011fu avantajlar\u0131 t\u00fcm detaylar\u0131yla \u00f6\u011frenebilirsiniz. Keyifli okumalar!<\/p>\n<p><img decoding=\"async\" class=\" wp-image-5045 aligncenter\" src=\"https:\/\/tekcevisa.com\/tr\/wp-content\/uploads\/2023\/07\/8-1-300x109.jpg\" alt=\"\" width=\"909\" height=\"330\" srcset=\"https:\/\/tekcevisa.com\/tr\/wp-content\/uploads\/2023\/07\/8-1-300x109.jpg 300w, https:\/\/tekcevisa.com\/tr\/wp-content\/uploads\/2023\/07\/8-1-1024x373.jpg 1024w, https:\/\/tekcevisa.com\/tr\/wp-content\/uploads\/2023\/07\/8-1-768x280.jpg 768w, https:\/\/tekcevisa.com\/tr\/wp-content\/uploads\/2023\/07\/8-1-1536x560.jpg 1536w, https:\/\/tekcevisa.com\/tr\/wp-content\/uploads\/2023\/07\/8-1-260x95.jpg 260w, https:\/\/tekcevisa.com\/tr\/wp-content\/uploads\/2023\/07\/8-1-50x18.jpg 50w, https:\/\/tekcevisa.com\/tr\/wp-content\/uploads\/2023\/07\/8-1-150x55.jpg 150w, https:\/\/tekcevisa.com\/tr\/wp-content\/uploads\/2023\/07\/8-1.jpg 1920w\" sizes=\"(max-width: 909px) 100vw, 909px\" \/><\/p>\n<h2><span class=\"ez-toc-section\" id=\"Golden_Visa_Nedir_Ispanya_Portekiz_ve_Yunanistanda_Golden_Visa_Sureci_Nasil_Isler\"><\/span>Golden Visa Nedir? \u0130spanya, Portekiz ve Yunanistan&#8217;da Golden Visa S\u00fcreci Nas\u0131l \u0130\u015fler?<span class=\"ez-toc-section-end\"><\/span><\/h2>\n<p>Golden Visa temel olarak nitelikli yat\u0131r\u0131mc\u0131lar\u0131n bu \u00fclkelerde yat\u0131r\u0131m yaparak, ba\u011f\u0131\u015fta bulunarak veya m\u00fclk sat\u0131n alarak oturma izni veya vatanda\u015fl\u0131k almalar\u0131na olanak sa\u011flayan bir g\u00f6\u00e7men yat\u0131r\u0131mc\u0131 program\u0131d\u0131r.<\/p>\n<p>Golden Visa ba\u015fvurusunda \u00fclkeye g\u00f6re yat\u0131r\u0131m se\u00e7enekleri de \u00e7e\u015fitlenebilmektedir. \u00d6rne\u011fin, ev almak yerine bir \u015firket hissesine, kamu bor\u00e7lar\u0131na veya devlet tahvillerine yat\u0131r\u0131m yapabilirsiniz. Bir \u015firket kurabilir ve gerekli g\u00f6r\u00fclen say\u0131da ki\u015fiye istihdam sa\u011flayabilirsiniz. \u00dclkenin bilimsel veya teknolojik geli\u015fimine bile katk\u0131da bulunman\u0131z bu vize t\u00fcr\u00fcn\u00fc alman\u0131z\u0131 sa\u011flayabilir.<\/p>\n<p>Yat\u0131r\u0131m t\u00fcr\u00fcne karar verdikten sonra gerekli ad\u0131mlar\u0131 atar ve ba\u015fvuru ko\u015fullar\u0131n\u0131 kar\u015f\u0131lamaya \u00e7al\u0131\u015f\u0131rs\u0131n\u0131z. Bu s\u00fcre\u00e7te pek \u00e7ok aksiyon alman\u0131z, gerekli belgeleri toplaman\u0131z, kurumlarla g\u00f6r\u00fc\u015fmeniz ve banka i\u015flemlerini titizlikle y\u00fcr\u00fctmeniz gerekecektir.<\/p>\n<p>&nbsp;<\/p>\n<h2><span class=\"ez-toc-section\" id=\"Ispanya_Portekiz_ve_Yunanistanda_Golden_Visa_Basvurusu_icin_Mevcut_Yatirim_Secenekleri_Nelerdir\"><\/span>\u0130spanya, Portekiz ve Yunanistan&#8217;da Golden Visa Ba\u015fvurusu i\u00e7in Mevcut Yat\u0131r\u0131m Se\u00e7enekleri Nelerdir?<span class=\"ez-toc-section-end\"><\/span><\/h2>\n<p>Golden Visa i\u00e7in en \u00e7ok tercih edilen yat\u0131r\u0131m se\u00e7enekleri \u015funlard\u0131r:<\/p>\n<p><strong>\u0130spanya<\/strong><\/p>\n<ul>\n<li>\u0130spanya\u2019da minimum 500.000 \u20ac de\u011ferinde bir veya birden fazla gayrimenkul yat\u0131r\u0131m\u0131.<\/li>\n<li>\u0130spanya kamu bor\u00e7lar\u0131na en az 2.000.000 \u20ac de\u011ferinde yat\u0131r\u0131m.<\/li>\n<li>\u0130spanyol \u015firketlerinden en az 1.000.000 \u20ac de\u011ferinde hisse sat\u0131n al\u0131nmas\u0131.<\/li>\n<\/ul>\n<p><strong>Portekiz<\/strong><\/p>\n<ul>\n<li>Minimum 500.000 \u20ac de\u011ferinde konut veya ticari gayrimenkul yat\u0131r\u0131m\u0131.<\/li>\n<li>Minimum 500.000 \u20ac de\u011ferinde nitelikli yat\u0131r\u0131m fonuna katk\u0131da bulunma.<\/li>\n<li>Minimum 1.5 milyon \u20ac sermaye transferi.<\/li>\n<li>Minimum 500.000 \u20ac tutar\u0131nda bilim veya teknoloji Ar-Ge yat\u0131r\u0131m\u0131.<\/li>\n<li>Minimum 500.000 \u20ac de\u011ferinde tam zamanl\u0131 i\u015fte on Portekiz vatanda\u015f\u0131 istihdam eden bir \u015firket kurulumu.<\/li>\n<li>Minimum 250.000 \u20ac de\u011ferinde ulusal miras\u0131n restorasyonu, sanat ve k\u00fclt\u00fcr yat\u0131r\u0131m\u0131.<\/li>\n<\/ul>\n<p><strong>Yunanistan<\/strong><\/p>\n<ul>\n<li>Minimum 500.000 \u20ac de\u011ferinde konut veya ticari gayrimenkul yat\u0131r\u0131m\u0131.<\/li>\n<li>Minimum 400.000 \u20ac de\u011ferinde kamu bor\u00e7lar\u0131na yat\u0131r\u0131m.<\/li>\n<li>Minimum 400.000 \u20ac de\u011ferinde menkul k\u0131ymetler veya banka mevduat\u0131 yat\u0131r\u0131m\u0131.<\/li>\n<li>Minimum 400.000 \u20ac de\u011ferinde giri\u015fim sermayesi fonu, \u00f6zel sermaye fonu veya yat\u0131r\u0131m fonunun tahvil veya hisselerine yat\u0131r\u0131m.<\/li>\n<li>Minimum 800.000 \u20ac de\u011ferinde Yunanistan&#8217;da faaliyet g\u00f6steren ticari kurumlara ait hisse senetlerine, \u015firket tahvillerine veya Yunan Hazine tahvillerine yat\u0131r\u0131m.<\/li>\n<\/ul>\n<p><img decoding=\"async\" class=\" wp-image-5043 aligncenter\" src=\"https:\/\/tekcevisa.com\/tr\/wp-content\/uploads\/2023\/07\/9-300x109.jpg\" alt=\"\" width=\"911\" height=\"331\" srcset=\"https:\/\/tekcevisa.com\/tr\/wp-content\/uploads\/2023\/07\/9-300x109.jpg 300w, https:\/\/tekcevisa.com\/tr\/wp-content\/uploads\/2023\/07\/9-1024x373.jpg 1024w, https:\/\/tekcevisa.com\/tr\/wp-content\/uploads\/2023\/07\/9-768x280.jpg 768w, https:\/\/tekcevisa.com\/tr\/wp-content\/uploads\/2023\/07\/9-1536x560.jpg 1536w, https:\/\/tekcevisa.com\/tr\/wp-content\/uploads\/2023\/07\/9-260x95.jpg 260w, https:\/\/tekcevisa.com\/tr\/wp-content\/uploads\/2023\/07\/9-50x18.jpg 50w, https:\/\/tekcevisa.com\/tr\/wp-content\/uploads\/2023\/07\/9-150x55.jpg 150w, https:\/\/tekcevisa.com\/tr\/wp-content\/uploads\/2023\/07\/9.jpg 1920w\" sizes=\"(max-width: 911px) 100vw, 911px\" \/><\/p>\n<h2><span class=\"ez-toc-section\" id=\"Ispanya_Portekiz_ve_Yunanistanda_Golden_Visa_Basvuru_Sartlari_Nelerdir\"><\/span>\u0130spanya, Portekiz ve Yunanistan&#8217;da Golden Visa Ba\u015fvuru \u015eartlar\u0131 Nelerdir?<span class=\"ez-toc-section-end\"><\/span><\/h2>\n<p>\u00d6ncelikle her \u00fc\u00e7 \u00fclkede de en az 18 ya\u015f\u0131nda olman\u0131z, minimum yat\u0131r\u0131m ko\u015fullar\u0131n\u0131 sa\u011flaman\u0131z ve yat\u0131r\u0131m\u0131n\u0131z\u0131 satmaman\u0131z gerekmektedir. Her \u00fclkeye g\u00f6re de\u011fi\u015fen zorunlu ikamet s\u00fcrelerini de kar\u015f\u0131lad\u0131\u011f\u0131n\u0131zda vatanda\u015fl\u0131\u011fa ba\u015fvurabilirsiniz.<\/p>\n<p>Yat\u0131r\u0131m\u0131n\u0131zla birlikte, sizi ve maddi durumunuzu a\u00e7\u0131k\u00e7a g\u00f6steren belgeleri de memurlara teslim etmelisiniz. \u00dc\u00e7 \u00fclkede de istenen belgelerden baz\u0131lar\u0131 ba\u015fvuru formu, pasaport, adli sicil kayd\u0131, sa\u011fl\u0131k sigortas\u0131, \u00fclkede kald\u0131\u011f\u0131n\u0131z s\u00fcre boyunca ge\u00e7iminizi sa\u011flayabilece\u011finiz yeterli miktarda maddi imkana sahip oldu\u011funuzu g\u00f6steren belgeler ve tapudur.<\/p>\n<p>Ayr\u0131ca, daha \u00f6nce bu \u00fclkelerde vizenizin veya Schengen B\u00f6lgesine giri\u015finizin reddedilmemi\u015f olmas\u0131 veya yasakl\u0131lar listesinde yer almam\u0131\u015f olman\u0131z gerekir.<\/p>\n<h2><span class=\"ez-toc-section\" id=\"Ispanya_Portekiz_ve_Yunanistanda_Golden_Visa_Almak_Ne_Kadar_Surer\"><\/span>\u0130spanya, Portekiz ve Yunanistan&#8217;da Golden Visa Almak Ne Kadar S\u00fcrer?<span class=\"ez-toc-section-end\"><\/span><\/h2>\n<p>\u00dc\u00e7 \u00fclkenin genel s\u00fcresi baz al\u0131nd\u0131\u011f\u0131nda de\u011ferlendirme s\u00fcresi 2 ile 6 ay aras\u0131nda de\u011fi\u015fmektedir. \u00dc\u00e7 \u00fclke aras\u0131nda s\u00fcre ve s\u00fcre\u00e7 olarak en h\u0131zl\u0131 i\u015fleyen sistem \u0130spanya\u2019dad\u0131r. Detaylar \u015fu \u015fekilde;<\/p>\n<p><strong>\u0130spanya \u00f6zelinde<\/strong> s\u00fcrecin en ba\u015f\u0131ndan al\u0131rsak yat\u0131r\u0131mc\u0131n\u0131n yat\u0131r\u0131m modelini se\u00e7mesi ve sat\u0131n almas\u0131, gerekli belgeleri toplamas\u0131 ve <a href=\"https:\/\/tekcevisa.com\/tr\/oturum-izni\/ispanya\/ispanyada-golden-visa\/\">\u0130spanya&#8217;da Golden Visa ba\u015fvurusu<\/a> genelde 2 ay gibi bir s\u00fcreyi kapsar. Yetkililerin ba\u015fvuruyu de\u011ferlendirmesi ise 20 g\u00fcnd\u00fcr. Bu k\u0131s\u0131m 2 &#8211; 3 ay s\u00fcr\u00fcyor diyebiliriz.<\/p>\n<p>Vizeniz onayland\u0131ktan sonra, bir y\u0131l s\u00fcreyle ge\u00e7erli olan bir yat\u0131r\u0131mc\u0131 vizesi al\u0131rs\u0131n\u0131z. \u0130lk y\u0131l\u0131n sonunda ise \u00fc\u00e7 y\u0131l ge\u00e7erli olan Golden Visa sahibi olursunuz. Yat\u0131r\u0131m\u0131n\u0131z\u0131 \u0130spanya&#8217;da tutmaya devam ederseniz, \u00fc\u00e7\u00fcnc\u00fc y\u0131l\u0131n sonunda be\u015f y\u0131l aral\u0131klarla vizenizi yenileyebilirsiniz.<\/p>\n<p><strong>Portekiz&#8217;de<\/strong> vizenizin onaylanmas\u0131 genellikle \u00fc\u00e7 ile alt\u0131 ay aras\u0131nda s\u00fcrer. Vizeniz iki y\u0131l ge\u00e7erlidir. \u0130ki y\u0131l\u0131n sonunda her iki y\u0131lda bir vizenizi yenileyebilirsiniz.<\/p>\n<p><strong>Yunanistan&#8217;da<\/strong> vizenizin onaylanmas\u0131 \u00fc\u00e7 ile be\u015f ay aras\u0131nda s\u00fcrer. Vizeniz be\u015f y\u0131l ge\u00e7erlidir ve iki y\u0131l\u0131n sonunda her be\u015f y\u0131lda bir vizenizi uzatabilirsiniz.<\/p>\n<h2><span class=\"ez-toc-section\" id=\"Ispanya_Portekiz_ve_Yunanistanda_Golden_Visa_ile_Ne_Kadar_Sure_Sonra_Vatandasliga_Basvurabilirsiniz_Zorunlu_Ikamet_Sureleri_Nedir\"><\/span>\u0130spanya, Portekiz ve Yunanistan&#8217;da Golden Visa ile Ne Kadar S\u00fcre Sonra Vatanda\u015fl\u0131\u011fa Ba\u015fvurabilirsiniz? Zorunlu \u0130kamet S\u00fcreleri Nedir?<span class=\"ez-toc-section-end\"><\/span><\/h2>\n<p><strong>\u0130spanya&#8217;da<\/strong> size ba\u015flang\u0131\u00e7ta bir y\u0131l ge\u00e7erli olan bir yat\u0131r\u0131mc\u0131 vizesi verilir. Birinci y\u0131l\u0131n sonunda \u00fc\u00e7 y\u0131l s\u00fcreyle ge\u00e7erli Golden Visa kart\u0131n\u0131za sahip olursunuz. Ard\u0131ndan, her be\u015f y\u0131lda bir vizenizi yenileyebilirsiniz. <strong>On y\u0131l\u0131n sonunda<\/strong> ise \u0130spanyol vatanda\u015fl\u0131\u011f\u0131na ba\u015fvurabilirsiniz.<\/p>\n<p>\u0130spanya&#8217;n\u0131n Golden Visa i\u00e7in sundu\u011fu \u015fartlar di\u011ferlerine nazaran olduk\u00e7a esnektir. \u00dclkede ikamet etmek zorunda kalmadan veya seyahat k\u0131s\u0131tlamas\u0131 olmadan Golden Visa sahibi olabilirsiniz. Biyometrik verilerinizi teslim etmek ve vizenizi yenilemek i\u00e7in \u0130spanya&#8217;y\u0131 seyahat etmeniz yeterlidir.<\/p>\n<p><strong>Portekiz&#8217;de<\/strong> vizeniz iki y\u0131l ge\u00e7erlidir ve daha sonra vizenizi iki y\u0131lda bir uzatabilirsiniz. Portekiz vatanda\u015fl\u0131\u011f\u0131na ba\u015fvurabilmek i\u00e7in yat\u0131r\u0131m\u0131n\u0131z\u0131 be\u015f y\u0131l boyunca elinizde tutmal\u0131s\u0131n\u0131z. Ayr\u0131ca, birinci y\u0131l\u0131n\u0131zda en az yedi g\u00fcn ve her iki y\u0131lda bir minimum 14 g\u00fcn boyunca Portekiz&#8217;de bulunman\u0131z gerekmektedir.<\/p>\n<p><strong>Yunanistan&#8217;\u0131n vatanda\u015fl\u0131k \u015fartlar\u0131<\/strong>, ikamet s\u00fcrelerinden ziyade daha \u00e7ok \u00f6zveriye dayal\u0131d\u0131r. Yedi y\u0131l ikamet ettikten sonra vatanda\u015fl\u0131\u011fa ba\u015fvurabilirsiniz. Kabul alabilmeniz i\u00e7in \u00fclke ile olan ba\u011f\u0131n\u0131z\u0131 kan\u0131tlamal\u0131, ulusal dil ve vatanda\u015fl\u0131k s\u0131navlar\u0131n\u0131 ge\u00e7meli ve bu yedi y\u0131l boyunca verginizi d\u00fczenli \u00f6demelisiniz. Bu \u015fartlar\u0131 yerine getirdi\u011finiz takdirde vatanda\u015fl\u0131\u011f\u0131n\u0131z\u0131n onaylanma \u015fans\u0131 artacakt\u0131r.<\/p>\n<p><img decoding=\"async\" class=\" wp-image-5044 aligncenter\" src=\"https:\/\/tekcevisa.com\/tr\/wp-content\/uploads\/2023\/07\/8-300x109.jpg\" alt=\"\" width=\"875\" height=\"318\" srcset=\"https:\/\/tekcevisa.com\/tr\/wp-content\/uploads\/2023\/07\/8-300x109.jpg 300w, https:\/\/tekcevisa.com\/tr\/wp-content\/uploads\/2023\/07\/8-1024x373.jpg 1024w, https:\/\/tekcevisa.com\/tr\/wp-content\/uploads\/2023\/07\/8-768x280.jpg 768w, https:\/\/tekcevisa.com\/tr\/wp-content\/uploads\/2023\/07\/8-1536x560.jpg 1536w, https:\/\/tekcevisa.com\/tr\/wp-content\/uploads\/2023\/07\/8-260x95.jpg 260w, https:\/\/tekcevisa.com\/tr\/wp-content\/uploads\/2023\/07\/8-50x18.jpg 50w, https:\/\/tekcevisa.com\/tr\/wp-content\/uploads\/2023\/07\/8-150x55.jpg 150w, https:\/\/tekcevisa.com\/tr\/wp-content\/uploads\/2023\/07\/8.jpg 1920w\" sizes=\"(max-width: 875px) 100vw, 875px\" \/><\/p>\n<h2><span class=\"ez-toc-section\" id=\"Ispanya_Portekiz_ve_Yunanistanda_Golden_Visa_Sahibi_Olduktan_Sonra_Vergi_Oder_Miyim\"><\/span>\u0130spanya, Portekiz ve Yunanistan&#8217;da Golden Visa Sahibi Olduktan Sonra Vergi \u00d6der Miyim?<span class=\"ez-toc-section-end\"><\/span><\/h2>\n<p>Bir y\u0131l i\u00e7inde 183 g\u00fcnden fazla \u00fclkede kal\u0131rsan\u0131z her \u00fc\u00e7 \u00fclkede de vergi \u00f6demekle y\u00fck\u00fcml\u00fc olursunuz. Oturma izni olmayanlar bile bir m\u00fclk sat\u0131n ald\u0131klar\u0131, evlerini kiraya verdikleri veya \u00fclke s\u0131n\u0131rlar\u0131 i\u00e7inde herhangi bir gelir ettikleri takdirde vergi \u00f6demek zorundad\u0131rlar.<\/p>\n<p>Portekiz ve \u0130spanya&#8217;da gelir vergisi \u00f6demelerini \u00f6nemli \u00f6l\u00e7\u00fcde azaltabilecek \u00f6zel vergi kanunlar\u0131 vard\u0131r. Portekiz&#8217;deki yeni vergi m\u00fckellefleri, %20 oran\u0131nda sabit bir gelir vergisine tabidir. \u0130spanya&#8217;da avantajl\u0131 vergi rejimine tabi olanlar %24 oran\u0131nda sabit vergi \u00f6derler.<\/p>\n<p>\u00dc\u00e7 \u00fclkeyi de kar\u015f\u0131la\u015ft\u0131rd\u0131\u011f\u0131m\u0131zda, yat\u0131r\u0131mc\u0131lar i\u00e7in en avantajl\u0131 vergilendirmenin Portekiz&#8217;in Golden Visa program\u0131 taraf\u0131ndan sa\u011fland\u0131\u011f\u0131n\u0131 g\u00f6r\u00fcyoruz. Portekiz\u2019deki Non-Habitual Residence Program\u0131 (NHR), \u00fclkede vergi m\u00fckellefi olmak isteyen yabanc\u0131lar i\u00e7in tasarlanm\u0131\u015f olan ve 10 y\u0131la kadar vergi avantaj\u0131 sa\u011flayan bir sistemdir. Bu nedenle, Portekiz&#8217;de ya\u015famay\u0131 d\u00fc\u015f\u00fcnen yabanc\u0131 yat\u0131r\u0131mc\u0131lar i\u00e7in avantajl\u0131d\u0131r.<\/p>\n<p>Yunanistan&#8217;da gelir vergisi i\u00e7in ba\u015flang\u0131\u00e7 oran\u0131 %22&#8217;dir. Gayrimenkulden elde edilen kira gelirinin vergi oranlar\u0131 %11 ile %33 aras\u0131nda de\u011fi\u015fmektedir. Baz\u0131 maliyetler br\u00fct gelirden d\u00fc\u015f\u00fclebilmektedir. Gayrimenkul sat\u0131\u015f\u0131nda, de\u011fer art\u0131\u015f kazanc\u0131 vergisi %15 olarak belirlenmi\u015ftir.<\/p>\n<h2><span class=\"ez-toc-section\" id=\"Ispanya_Portekiz_ve_Yunanistanda_Golden_Visa_Almanin_Maliyeti_Nedir\"><\/span>\u0130spanya, Portekiz ve Yunanistan&#8217;da Golden Visa Alman\u0131n Maliyeti Nedir?<span class=\"ez-toc-section-end\"><\/span><\/h2>\n<p>Yat\u0131r\u0131m i\u00e7in minimum tutar\u0131 kar\u015f\u0131laman\u0131z gerekmektedir. Onun d\u0131\u015f\u0131nda kalan yasal \u00f6demeler ise kabaca \u015fu \u015fekilde olacakt\u0131r;<\/p>\n<p>\u0130spanya\u2019da ilk ba\u015fvuru ve her yenileme i\u00e7in ki\u015fi ba\u015f\u0131 tutar 8.000 \u20ac ve 2.500 \u20ac aras\u0131nda de\u011fi\u015fmektedir. <a href=\"https:\/\/tekcevisa.com\/tr\/oturum-izni\/portekiz\/portekizde-golden-visa\/\">Portekiz&#8217;de Golden Visa<\/a> ba\u015fvuru \u00fccretleri ki\u015fi ba\u015f\u0131 5.000 \u20ac ile 8.000 \u20ac aras\u0131nda ve yenileme \u00fccretleri 1.000 \u20ac ile 2.500 \u20ac aras\u0131ndad\u0131r. 18 ya\u015f alt\u0131 bakmakla y\u00fck\u00fcml\u00fc olunan \u00e7ocuklar i\u00e7in herhangi bir \u00fccret \u00f6demesi yap\u0131lmaz.<\/p>\n<p><strong>Yunanistan&#8217;da<\/strong>, yat\u0131r\u0131m ama\u00e7l\u0131 gayrimenkul ald\u0131\u011f\u0131n\u0131zda yat\u0131r\u0131m de\u011ferinin %11 ila 12&#8217;sini yasal \u00fccretlere ay\u0131rman\u0131z gerekir. Ba\u015fvuru ve yenileme \u00fccretleri ki\u015fi ba\u015f\u0131 300 \u20ac ve 500 \u20ac aras\u0131nda de\u011fi\u015fir. Ayr\u0131ca tapu devir vergisi, noter \u00fccretleri, sa\u011fl\u0131k sigortas\u0131 vb. gibi \u00fccretler de vard\u0131r.<\/p>\n<h2><span class=\"ez-toc-section\" id=\"Ispanya_Portekiz_ve_Yunanistanda_Golden_Visa_Sahibi_Olmanin_Sagladigi_Avantajlar_Nelerdir\"><\/span>\u0130spanya, Portekiz ve Yunanistan&#8217;da Golden Visa Sahibi Olman\u0131n Sa\u011flad\u0131\u011f\u0131 Avantajlar Nelerdir?<span class=\"ez-toc-section-end\"><\/span><\/h2>\n<p>Bu \u00fclkelerin sundu\u011fu en b\u00fcy\u00fck avantaj, s\u0131n\u0131rlar\u0131 i\u00e7inde ya\u015fama, \u00e7al\u0131\u015fma ve \u00f6\u011frenim g\u00f6rme hakk\u0131n\u0131z\u0131n olaca\u011f\u0131d\u0131r. Bununla birlikte t\u00fcm Schengen B\u00f6lgesi&#8217;nde vizeye tabi olmadan rahat\u00e7a gezebileceksiniz.<\/p>\n<p>\u0130spanya ve Portekiz&#8217;de aileniz de sizinle birlikte Golden Visa almaya hak kazanabilir. Ayr\u0131ca, yat\u0131r\u0131m\u0131n\u0131z devam etti\u011fi s\u00fcrece vizenizi kolayca yenileyebilirsiniz.<\/p>\n<p>\u0130spanya ve Portekiz\u2019in, \u00f6zellikle Akdeniz&#8217;deki konumlar\u0131 sayesinde yat\u0131r\u0131m de\u011ferleri olduk\u00e7a y\u00fcksektir. B\u00f6lgedeki yaz ve k\u0131\u015f aylar\u0131ndaki yo\u011fun turizm faaliyetleri, yat\u0131r\u0131m\u0131n\u0131z\u0131n de\u011ferini \u00f6nemli \u00f6l\u00e7\u00fcde art\u0131rarak piyasa talebini te\u015fvik edecektir. \u0130spanya\u2019n\u0131n bu noktada bir di\u011fer \u00f6nemli avantaj\u0131 ise asgari bir ikamet s\u00fcresi \u015fart\u0131 ko\u015fmamas\u0131d\u0131r.<\/p>\n<h2><span class=\"ez-toc-section\" id=\"Ispanya_Portekiz_Ve_Yunanistandaki_Golden_Visa_Programlari_Arasindaki_Farklar_Nelerdir_En_Iyisi_Hangisidir\"><\/span>\u0130spanya, Portekiz Ve Yunanistan&#8217;daki Golden Visa Programlar\u0131 Aras\u0131ndaki Farklar Nelerdir? En \u0130yisi Hangisidir?<span class=\"ez-toc-section-end\"><\/span><\/h2>\n<p>\u00d6nceden minimum yat\u0131r\u0131m tutar\u0131 a\u00e7\u0131s\u0131ndan bu \u00fc\u00e7 \u00fclke aras\u0131nda 2 kat\u0131na varacak kadar farklar mevcuttu ama art\u0131k \u00fc\u00e7\u00fcnde de 500.000 Euro tutar\u0131nda yat\u0131r\u0131m \u015fart\u0131 bulunmaktad\u0131r. Pek \u00e7ok site bilgilerini g\u00fcncellemedi\u011fi i\u00e7in bu konuda \u00e7ok fazla kafa kar\u0131\u015f\u0131kl\u0131\u011f\u0131 olabilmektedir.<\/p>\n<p>As\u0131l ilk dikkat \u00e7eken farkl\u0131l\u0131k ise vatanda\u015fl\u0131\u011fa ula\u015f\u0131lan y\u0131l say\u0131s\u0131d\u0131r. 5 y\u0131l ile en az Portekiz\u2019de olan bu s\u00fcre, Yunanistan\u2019da 7 y\u0131l, \u0130spanya\u2019da ise 10 y\u0131ld\u0131r. \u0130spanya, hali haz\u0131rda yeterince nitelikli yat\u0131r\u0131m ald\u0131\u011f\u0131 i\u00e7in daha korunakl\u0131 bir yat\u0131r\u0131m ortam\u0131 yaratmak ad\u0131na bu s\u00fcreyi uzun tutmaktad\u0131r.<\/p>\n<p>Vatanda\u015fl\u0131k s\u00fcresi uzun olsa da 2 ay ile \u0130spanya en k\u0131sa ve sistematik ba\u015fvuru s\u00fcrecine sahiptir. Portekiz ve Yunanistan\u2019da ise bu s\u00fcre 6 aylara ula\u015fabilmektedir.<\/p>\n<p>S\u00fcre\u00e7 i\u00e7indeki \u00f6demeler ise ortalama olarak ayn\u0131 kulvardad\u0131r. \u00c7ok fazla bir fark olmad\u0131\u011f\u0131 i\u00e7in herhangi birini avantajl\u0131 se\u00e7mek do\u011fru olmayacakt\u0131r.<\/p>\n<p>Yat\u0131r\u0131m ortam\u0131 olarak ise \u0130spanya daha \u00e7ok tercih edilen bir konumda yer almaktad\u0131r. \u00d6zellikle son y\u0131llarda pazar\u0131n de\u011feri olduk\u00e7a artm\u0131\u015f ve bu sayede nitelikli yat\u0131r\u0131mc\u0131lar \u00fclkeye daha fazla y\u00f6nelmi\u015ftir.<\/p>\n<p>Dahas\u0131 Akdeniz \u00fclkesi olan \u0130spanya ve Portekiz, daha uygun fiyatlara daha fazla denize yak\u0131n ve do\u011fayla i\u00e7 i\u00e7e bir ya\u015fam sunmaktad\u0131r. Deniz kenar\u0131nda m\u00fctevaz\u0131 bir daireyi Yunanistan\u2019a k\u0131yasla \u00e7ok daha iyi kampanyalara sat\u0131n alabilirsiniz. Daha sonra m\u00fclk\u00fcn\u00fcz\u00fc elinizden \u00e7\u0131karman\u0131z da daha kolay olacakt\u0131r.<\/p>\n<p>Tatil i\u00e7in ilk tercih edilen konumlar\u0131n ba\u015f\u0131nda gelen Akdeniz \u00fclkelerinde sadece m\u00fclk\u00fcn\u00fcz\u00fc kiralayarak bile olduk\u00e7a fazla kazan\u00e7 elde edebilirsiniz. 12 ay boyunca ya\u015fam\u0131n m\u00fcmk\u00fcn oldu\u011fu bu \u00fclkelerde, m\u00fclk\u00fcn\u00fcz\u00fc kiralayabilece\u011finiz turist bulmak ise hi\u00e7 de zor de\u011fildir.<\/p>\n<p>Sonu\u00e7 olarak, pek \u00e7ok a\u00e7\u0131dan bakt\u0131\u011f\u0131m\u0131zda \u0130spanya ve Portekiz daha avantajl\u0131d\u0131r. Ancak, Portekiz yukar\u0131da da bahsetti\u011fimiz gibi Golden Visa program\u0131n\u0131 durdurma karar\u0131 alm\u0131\u015ft\u0131r. Bundan dolay\u0131 birincilik yar\u0131\u015f\u0131nda \u0130spanya ilk s\u0131rada yer almaktad\u0131r. \u0130spanya\u2019da Golden Visa hakk\u0131nda daha fazla bilgi i\u00e7in buraya t\u0131klayabilirsiniz.<\/p>\n<p>Tekce Visa mali durumunuzu ve yat\u0131r\u0131m hedeflerinizi g\u00f6z \u00f6n\u00fcnde bulundurarak, sizin i\u00e7in en iyi Golden Visa program\u0131n\u0131 se\u00e7er, \u015fartlar\u0131n\u0131 kar\u015f\u0131laman\u0131z\u0131 sa\u011flar ve s\u00fcrecinizi hatas\u0131z bir \u015fekilde sonland\u0131rman\u0131za yard\u0131mc\u0131 olur. Konu ile alakal\u0131 daha fazla bilgi i\u00e7in bizi arayarak avukatlar\u0131m\u0131z ile her daim ileti\u015fime ge\u00e7ebilirsiniz.<\/p>\n","protected":false},"excerpt":{"rendered":"<p>\u00c7ok say\u0131da yat\u0131r\u0131mc\u0131, Avrupa vatanda\u015f\u0131 olmak ve yat\u0131r\u0131mlar\u0131n\u0131 ve hayat<span class=\"excerpt-hellip\"> [\u2026]<\/span><\/p>\n","protected":false},"author":2,"featured_media":5040,"comment_status":"open","ping_status":"open","sticky":false,"template":"","format":"standard","meta":{"footnotes":""},"categories":[7],"tags":[],"class_list":["post-5032","post","type-post","status-publish","format-standard","has-post-thumbnail","hentry","category-oturum-izni"],"yoast_head":"<!-- This site is optimized with the Yoast SEO plugin v24.2 - https:\/\/yoast.com\/wordpress\/plugins\/seo\/ -->\n<title>\u0130spanya, Portekiz ve Yunanistan&#039;da Golden Visa Kar\u015f\u0131la\u015ft\u0131rmas\u0131<\/title>\n<meta name=\"description\" content=\"Yaz\u0131m\u0131zda en pop\u00fcler 3 Golden Visa \u00fclkesini kar\u015f\u0131la\u015ft\u0131rd\u0131k. \u0130spanya, Portekiz ve Yunanistan&#039;da Golden Visa hakk\u0131ndaki t\u00fcm detaylar\u0131 yaz\u0131m\u0131zda bulabilirsiniz.\" \/>\n<meta name=\"robots\" content=\"index, follow, max-snippet:-1, max-image-preview:large, max-video-preview:-1\" \/>\n<link rel=\"canonical\" href=\"https:\/\/tekcevisa.com\/tr\/golden-visa-icin-ispanya-mi-portekiz-mi-yunanistan-mi\/\" \/>\n<meta property=\"og:locale\" content=\"tr_TR\" \/>\n<meta property=\"og:type\" content=\"article\" \/>\n<meta property=\"og:title\" content=\"\u0130spanya, Portekiz ve Yunanistan&#039;da Golden Visa Kar\u015f\u0131la\u015ft\u0131rmas\u0131\" \/>\n<meta property=\"og:description\" content=\"Yaz\u0131m\u0131zda en pop\u00fcler 3 Golden Visa \u00fclkesini kar\u015f\u0131la\u015ft\u0131rd\u0131k. \u0130spanya, Portekiz ve Yunanistan&#039;da Golden Visa hakk\u0131ndaki t\u00fcm detaylar\u0131 yaz\u0131m\u0131zda bulabilirsiniz.\" \/>\n<meta property=\"og:url\" content=\"https:\/\/tekcevisa.com\/tr\/golden-visa-icin-ispanya-mi-portekiz-mi-yunanistan-mi\/\" \/>\n<meta property=\"og:site_name\" content=\"Tekce Visa\" \/>\n<meta property=\"article:publisher\" content=\"https:\/\/www.instagram.com\/tekcevisa\/\" \/>\n<meta property=\"article:published_time\" content=\"2023-07-27T12:54:54+00:00\" \/>\n<meta property=\"article:modified_time\" content=\"2023-07-27T14:45:28+00:00\" \/>\n<meta property=\"og:image\" content=\"https:\/\/tekcevisa.com\/tr\/wp-content\/uploads\/2023\/07\/6.jpg\" \/>\n\t<meta property=\"og:image:width\" content=\"1024\" \/>\n\t<meta property=\"og:image:height\" content=\"1024\" \/>\n\t<meta property=\"og:image:type\" content=\"image\/jpeg\" \/>\n<meta name=\"author\" content=\"Leyla Zengin\" \/>\n<meta name=\"twitter:card\" content=\"summary_large_image\" \/>\n<meta name=\"twitter:label1\" content=\"Yazan:\" \/>\n\t<meta name=\"twitter:data1\" content=\"Leyla Zengin\" \/>\n\t<meta name=\"twitter:label2\" content=\"Tahmini okuma s\u00fcresi\" \/>\n\t<meta name=\"twitter:data2\" content=\"11 dakika\" \/>\n<script type=\"application\/ld+json\" class=\"yoast-schema-graph\">{\"@context\":\"https:\/\/schema.org\",\"@graph\":[{\"@type\":\"Article\",\"@id\":\"https:\/\/tekcevisa.com\/tr\/golden-visa-icin-ispanya-mi-portekiz-mi-yunanistan-mi\/#article\",\"isPartOf\":{\"@id\":\"https:\/\/tekcevisa.com\/tr\/golden-visa-icin-ispanya-mi-portekiz-mi-yunanistan-mi\/\"},\"author\":{\"name\":\"Leyla Zengin\",\"@id\":\"https:\/\/tekcevisa.com\/tr\/#\/schema\/person\/9ae874a94bdd5f54a4153e7a781793e7\"},\"headline\":\"Golden Visa i\u00e7in \u0130spanya m\u0131, Portekiz mi, Yunanistan m\u0131?\",\"datePublished\":\"2023-07-27T12:54:54+00:00\",\"dateModified\":\"2023-07-27T14:45:28+00:00\",\"mainEntityOfPage\":{\"@id\":\"https:\/\/tekcevisa.com\/tr\/golden-visa-icin-ispanya-mi-portekiz-mi-yunanistan-mi\/\"},\"wordCount\":2208,\"commentCount\":0,\"publisher\":{\"@id\":\"https:\/\/tekcevisa.com\/tr\/#organization\"},\"image\":{\"@id\":\"https:\/\/tekcevisa.com\/tr\/golden-visa-icin-ispanya-mi-portekiz-mi-yunanistan-mi\/#primaryimage\"},\"thumbnailUrl\":\"https:\/\/tekcevisa.com\/tr\/wp-content\/uploads\/2023\/07\/6.jpg\",\"articleSection\":[\"Oturum \u0130zni\"],\"inLanguage\":\"tr\",\"potentialAction\":[{\"@type\":\"CommentAction\",\"name\":\"Comment\",\"target\":[\"https:\/\/tekcevisa.com\/tr\/golden-visa-icin-ispanya-mi-portekiz-mi-yunanistan-mi\/#respond\"]}]},{\"@type\":\"WebPage\",\"@id\":\"https:\/\/tekcevisa.com\/tr\/golden-visa-icin-ispanya-mi-portekiz-mi-yunanistan-mi\/\",\"url\":\"https:\/\/tekcevisa.com\/tr\/golden-visa-icin-ispanya-mi-portekiz-mi-yunanistan-mi\/\",\"name\":\"\u0130spanya, Portekiz ve Yunanistan'da Golden Visa Kar\u015f\u0131la\u015ft\u0131rmas\u0131\",\"isPartOf\":{\"@id\":\"https:\/\/tekcevisa.com\/tr\/#website\"},\"primaryImageOfPage\":{\"@id\":\"https:\/\/tekcevisa.com\/tr\/golden-visa-icin-ispanya-mi-portekiz-mi-yunanistan-mi\/#primaryimage\"},\"image\":{\"@id\":\"https:\/\/tekcevisa.com\/tr\/golden-visa-icin-ispanya-mi-portekiz-mi-yunanistan-mi\/#primaryimage\"},\"thumbnailUrl\":\"https:\/\/tekcevisa.com\/tr\/wp-content\/uploads\/2023\/07\/6.jpg\",\"datePublished\":\"2023-07-27T12:54:54+00:00\",\"dateModified\":\"2023-07-27T14:45:28+00:00\",\"description\":\"Yaz\u0131m\u0131zda en pop\u00fcler 3 Golden Visa \u00fclkesini kar\u015f\u0131la\u015ft\u0131rd\u0131k. \u0130spanya, Portekiz ve Yunanistan'da Golden Visa hakk\u0131ndaki t\u00fcm detaylar\u0131 yaz\u0131m\u0131zda bulabilirsiniz.\",\"breadcrumb\":{\"@id\":\"https:\/\/tekcevisa.com\/tr\/golden-visa-icin-ispanya-mi-portekiz-mi-yunanistan-mi\/#breadcrumb\"},\"inLanguage\":\"tr\",\"potentialAction\":[{\"@type\":\"ReadAction\",\"target\":[\"https:\/\/tekcevisa.com\/tr\/golden-visa-icin-ispanya-mi-portekiz-mi-yunanistan-mi\/\"]}]},{\"@type\":\"ImageObject\",\"inLanguage\":\"tr\",\"@id\":\"https:\/\/tekcevisa.com\/tr\/golden-visa-icin-ispanya-mi-portekiz-mi-yunanistan-mi\/#primaryimage\",\"url\":\"https:\/\/tekcevisa.com\/tr\/wp-content\/uploads\/2023\/07\/6.jpg\",\"contentUrl\":\"https:\/\/tekcevisa.com\/tr\/wp-content\/uploads\/2023\/07\/6.jpg\",\"width\":1024,\"height\":1024},{\"@type\":\"BreadcrumbList\",\"@id\":\"https:\/\/tekcevisa.com\/tr\/golden-visa-icin-ispanya-mi-portekiz-mi-yunanistan-mi\/#breadcrumb\",\"itemListElement\":[{\"@type\":\"ListItem\",\"position\":1,\"name\":\"Ana Sayfa\",\"item\":\"https:\/\/tekcevisa.com\/tr\/\"},{\"@type\":\"ListItem\",\"position\":2,\"name\":\"Golden Visa i\u00e7in \u0130spanya m\u0131, Portekiz mi, Yunanistan m\u0131?\"}]},{\"@type\":\"WebSite\",\"@id\":\"https:\/\/tekcevisa.com\/tr\/#website\",\"url\":\"https:\/\/tekcevisa.com\/tr\/\",\"name\":\"Tekce Visa - Uluslararas\u0131 Hukuki Dan\u0131\u015fmanl\u0131k\",\"description\":\"Uluslararas\u0131 Hukuki Dan\u0131\u015fmanl\u0131k\",\"publisher\":{\"@id\":\"https:\/\/tekcevisa.com\/tr\/#organization\"},\"potentialAction\":[{\"@type\":\"SearchAction\",\"target\":{\"@type\":\"EntryPoint\",\"urlTemplate\":\"https:\/\/tekcevisa.com\/tr\/?s={search_term_string}\"},\"query-input\":{\"@type\":\"PropertyValueSpecification\",\"valueRequired\":true,\"valueName\":\"search_term_string\"}}],\"inLanguage\":\"tr\"},{\"@type\":\"Organization\",\"@id\":\"https:\/\/tekcevisa.com\/tr\/#organization\",\"name\":\"Tekce Visa\",\"url\":\"https:\/\/tekcevisa.com\/tr\/\",\"logo\":{\"@type\":\"ImageObject\",\"inLanguage\":\"tr\",\"@id\":\"https:\/\/tekcevisa.com\/tr\/#\/schema\/logo\/image\/\",\"url\":\"https:\/\/tekcevisa.com\/tr\/wp-content\/uploads\/2025\/08\/ah-tekce-visa-opened-1-removebg-preview.png\",\"contentUrl\":\"https:\/\/tekcevisa.com\/tr\/wp-content\/uploads\/2025\/08\/ah-tekce-visa-opened-1-removebg-preview.png\",\"width\":360,\"height\":360,\"caption\":\"Tekce Visa\"},\"image\":{\"@id\":\"https:\/\/tekcevisa.com\/tr\/#\/schema\/logo\/image\/\"},\"sameAs\":[\"https:\/\/www.instagram.com\/tekcevisa\/\"]},{\"@type\":\"Person\",\"@id\":\"https:\/\/tekcevisa.com\/tr\/#\/schema\/person\/9ae874a94bdd5f54a4153e7a781793e7\",\"name\":\"Leyla Zengin\",\"image\":{\"@type\":\"ImageObject\",\"inLanguage\":\"tr\",\"@id\":\"https:\/\/tekcevisa.com\/tr\/#\/schema\/person\/image\/\",\"url\":\"https:\/\/secure.gravatar.com\/avatar\/e7e09f1c6fed48348b13454ae8039e04aad644d4fd1ae5af37903d0bccc55b43?s=96&d=mm&r=g\",\"contentUrl\":\"https:\/\/secure.gravatar.com\/avatar\/e7e09f1c6fed48348b13454ae8039e04aad644d4fd1ae5af37903d0bccc55b43?s=96&d=mm&r=g\",\"caption\":\"Leyla Zengin\"},\"sameAs\":[\"https:\/\/tekcevisa.com\/\"]}]}<\/script>\n<!-- \/ Yoast SEO plugin. -->","yoast_head_json":{"title":"\u0130spanya, Portekiz ve Yunanistan'da Golden Visa Kar\u015f\u0131la\u015ft\u0131rmas\u0131","description":"Yaz\u0131m\u0131zda en pop\u00fcler 3 Golden Visa \u00fclkesini kar\u015f\u0131la\u015ft\u0131rd\u0131k. \u0130spanya, Portekiz ve Yunanistan'da Golden Visa hakk\u0131ndaki t\u00fcm detaylar\u0131 yaz\u0131m\u0131zda bulabilirsiniz.","robots":{"index":"index","follow":"follow","max-snippet":"max-snippet:-1","max-image-preview":"max-image-preview:large","max-video-preview":"max-video-preview:-1"},"canonical":"https:\/\/tekcevisa.com\/tr\/golden-visa-icin-ispanya-mi-portekiz-mi-yunanistan-mi\/","og_locale":"tr_TR","og_type":"article","og_title":"\u0130spanya, Portekiz ve Yunanistan'da Golden Visa Kar\u015f\u0131la\u015ft\u0131rmas\u0131","og_description":"Yaz\u0131m\u0131zda en pop\u00fcler 3 Golden Visa \u00fclkesini kar\u015f\u0131la\u015ft\u0131rd\u0131k. \u0130spanya, Portekiz ve Yunanistan'da Golden Visa hakk\u0131ndaki t\u00fcm detaylar\u0131 yaz\u0131m\u0131zda bulabilirsiniz.","og_url":"https:\/\/tekcevisa.com\/tr\/golden-visa-icin-ispanya-mi-portekiz-mi-yunanistan-mi\/","og_site_name":"Tekce Visa","article_publisher":"https:\/\/www.instagram.com\/tekcevisa\/","article_published_time":"2023-07-27T12:54:54+00:00","article_modified_time":"2023-07-27T14:45:28+00:00","og_image":[{"width":1024,"height":1024,"url":"https:\/\/tekcevisa.com\/tr\/wp-content\/uploads\/2023\/07\/6.jpg","type":"image\/jpeg"}],"author":"Leyla Zengin","twitter_card":"summary_large_image","twitter_misc":{"Yazan:":"Leyla Zengin","Tahmini okuma s\u00fcresi":"11 dakika"},"schema":{"@context":"https:\/\/schema.org","@graph":[{"@type":"Article","@id":"https:\/\/tekcevisa.com\/tr\/golden-visa-icin-ispanya-mi-portekiz-mi-yunanistan-mi\/#article","isPartOf":{"@id":"https:\/\/tekcevisa.com\/tr\/golden-visa-icin-ispanya-mi-portekiz-mi-yunanistan-mi\/"},"author":{"name":"Leyla Zengin","@id":"https:\/\/tekcevisa.com\/tr\/#\/schema\/person\/9ae874a94bdd5f54a4153e7a781793e7"},"headline":"Golden Visa i\u00e7in \u0130spanya m\u0131, Portekiz mi, Yunanistan m\u0131?","datePublished":"2023-07-27T12:54:54+00:00","dateModified":"2023-07-27T14:45:28+00:00","mainEntityOfPage":{"@id":"https:\/\/tekcevisa.com\/tr\/golden-visa-icin-ispanya-mi-portekiz-mi-yunanistan-mi\/"},"wordCount":2208,"commentCount":0,"publisher":{"@id":"https:\/\/tekcevisa.com\/tr\/#organization"},"image":{"@id":"https:\/\/tekcevisa.com\/tr\/golden-visa-icin-ispanya-mi-portekiz-mi-yunanistan-mi\/#primaryimage"},"thumbnailUrl":"https:\/\/tekcevisa.com\/tr\/wp-content\/uploads\/2023\/07\/6.jpg","articleSection":["Oturum \u0130zni"],"inLanguage":"tr","potentialAction":[{"@type":"CommentAction","name":"Comment","target":["https:\/\/tekcevisa.com\/tr\/golden-visa-icin-ispanya-mi-portekiz-mi-yunanistan-mi\/#respond"]}]},{"@type":"WebPage","@id":"https:\/\/tekcevisa.com\/tr\/golden-visa-icin-ispanya-mi-portekiz-mi-yunanistan-mi\/","url":"https:\/\/tekcevisa.com\/tr\/golden-visa-icin-ispanya-mi-portekiz-mi-yunanistan-mi\/","name":"\u0130spanya, Portekiz ve Yunanistan'da Golden Visa Kar\u015f\u0131la\u015ft\u0131rmas\u0131","isPartOf":{"@id":"https:\/\/tekcevisa.com\/tr\/#website"},"primaryImageOfPage":{"@id":"https:\/\/tekcevisa.com\/tr\/golden-visa-icin-ispanya-mi-portekiz-mi-yunanistan-mi\/#primaryimage"},"image":{"@id":"https:\/\/tekcevisa.com\/tr\/golden-visa-icin-ispanya-mi-portekiz-mi-yunanistan-mi\/#primaryimage"},"thumbnailUrl":"https:\/\/tekcevisa.com\/tr\/wp-content\/uploads\/2023\/07\/6.jpg","datePublished":"2023-07-27T12:54:54+00:00","dateModified":"2023-07-27T14:45:28+00:00","description":"Yaz\u0131m\u0131zda en pop\u00fcler 3 Golden Visa \u00fclkesini kar\u015f\u0131la\u015ft\u0131rd\u0131k. \u0130spanya, Portekiz ve Yunanistan'da Golden Visa hakk\u0131ndaki t\u00fcm detaylar\u0131 yaz\u0131m\u0131zda bulabilirsiniz.","breadcrumb":{"@id":"https:\/\/tekcevisa.com\/tr\/golden-visa-icin-ispanya-mi-portekiz-mi-yunanistan-mi\/#breadcrumb"},"inLanguage":"tr","potentialAction":[{"@type":"ReadAction","target":["https:\/\/tekcevisa.com\/tr\/golden-visa-icin-ispanya-mi-portekiz-mi-yunanistan-mi\/"]}]},{"@type":"ImageObject","inLanguage":"tr","@id":"https:\/\/tekcevisa.com\/tr\/golden-visa-icin-ispanya-mi-portekiz-mi-yunanistan-mi\/#primaryimage","url":"https:\/\/tekcevisa.com\/tr\/wp-content\/uploads\/2023\/07\/6.jpg","contentUrl":"https:\/\/tekcevisa.com\/tr\/wp-content\/uploads\/2023\/07\/6.jpg","width":1024,"height":1024},{"@type":"BreadcrumbList","@id":"https:\/\/tekcevisa.com\/tr\/golden-visa-icin-ispanya-mi-portekiz-mi-yunanistan-mi\/#breadcrumb","itemListElement":[{"@type":"ListItem","position":1,"name":"Ana Sayfa","item":"https:\/\/tekcevisa.com\/tr\/"},{"@type":"ListItem","position":2,"name":"Golden Visa i\u00e7in \u0130spanya m\u0131, Portekiz mi, Yunanistan m\u0131?"}]},{"@type":"WebSite","@id":"https:\/\/tekcevisa.com\/tr\/#website","url":"https:\/\/tekcevisa.com\/tr\/","name":"Tekce Visa - Uluslararas\u0131 Hukuki Dan\u0131\u015fmanl\u0131k","description":"Uluslararas\u0131 Hukuki Dan\u0131\u015fmanl\u0131k","publisher":{"@id":"https:\/\/tekcevisa.com\/tr\/#organization"},"potentialAction":[{"@type":"SearchAction","target":{"@type":"EntryPoint","urlTemplate":"https:\/\/tekcevisa.com\/tr\/?s={search_term_string}"},"query-input":{"@type":"PropertyValueSpecification","valueRequired":true,"valueName":"search_term_string"}}],"inLanguage":"tr"},{"@type":"Organization","@id":"https:\/\/tekcevisa.com\/tr\/#organization","name":"Tekce Visa","url":"https:\/\/tekcevisa.com\/tr\/","logo":{"@type":"ImageObject","inLanguage":"tr","@id":"https:\/\/tekcevisa.com\/tr\/#\/schema\/logo\/image\/","url":"https:\/\/tekcevisa.com\/tr\/wp-content\/uploads\/2025\/08\/ah-tekce-visa-opened-1-removebg-preview.png","contentUrl":"https:\/\/tekcevisa.com\/tr\/wp-content\/uploads\/2025\/08\/ah-tekce-visa-opened-1-removebg-preview.png","width":360,"height":360,"caption":"Tekce Visa"},"image":{"@id":"https:\/\/tekcevisa.com\/tr\/#\/schema\/logo\/image\/"},"sameAs":["https:\/\/www.instagram.com\/tekcevisa\/"]},{"@type":"Person","@id":"https:\/\/tekcevisa.com\/tr\/#\/schema\/person\/9ae874a94bdd5f54a4153e7a781793e7","name":"Leyla Zengin","image":{"@type":"ImageObject","inLanguage":"tr","@id":"https:\/\/tekcevisa.com\/tr\/#\/schema\/person\/image\/","url":"https:\/\/secure.gravatar.com\/avatar\/e7e09f1c6fed48348b13454ae8039e04aad644d4fd1ae5af37903d0bccc55b43?s=96&d=mm&r=g","contentUrl":"https:\/\/secure.gravatar.com\/avatar\/e7e09f1c6fed48348b13454ae8039e04aad644d4fd1ae5af37903d0bccc55b43?s=96&d=mm&r=g","caption":"Leyla Zengin"},"sameAs":["https:\/\/tekcevisa.com\/"]}]}},"_links":{"self":[{"href":"https:\/\/tekcevisa.com\/tr\/wp-json\/wp\/v2\/posts\/5032","targetHints":{"allow":["GET"]}}],"collection":[{"href":"https:\/\/tekcevisa.com\/tr\/wp-json\/wp\/v2\/posts"}],"about":[{"href":"https:\/\/tekcevisa.com\/tr\/wp-json\/wp\/v2\/types\/post"}],"author":[{"embeddable":true,"href":"https:\/\/tekcevisa.com\/tr\/wp-json\/wp\/v2\/users\/2"}],"replies":[{"embeddable":true,"href":"https:\/\/tekcevisa.com\/tr\/wp-json\/wp\/v2\/comments?post=5032"}],"version-history":[{"count":3,"href":"https:\/\/tekcevisa.com\/tr\/wp-json\/wp\/v2\/posts\/5032\/revisions"}],"predecessor-version":[{"id":5046,"href":"https:\/\/tekcevisa.com\/tr\/wp-json\/wp\/v2\/posts\/5032\/revisions\/5046"}],"wp:featuredmedia":[{"embeddable":true,"href":"https:\/\/tekcevisa.com\/tr\/wp-json\/wp\/v2\/media\/5040"}],"wp:attachment":[{"href":"https:\/\/tekcevisa.com\/tr\/wp-json\/wp\/v2\/media?parent=5032"}],"wp:term":[{"taxonomy":"category","embeddable":true,"href":"https:\/\/tekcevisa.com\/tr\/wp-json\/wp\/v2\/categories?post=5032"},{"taxonomy":"post_tag","embeddable":true,"href":"https:\/\/tekcevisa.com\/tr\/wp-json\/wp\/v2\/tags?post=5032"}],"curies":[{"name":"wp","href":"https:\/\/api.w.org\/{rel}","templated":true}]}}