{"id":5036,"date":"2023-07-27T16:05:05","date_gmt":"2023-07-27T13:05:05","guid":{"rendered":"https:\/\/tekcevisa.com\/tr\/?p=5036"},"modified":"2023-07-27T17:51:23","modified_gmt":"2023-07-27T14:51:23","slug":"emlak-yatirimi-yoluyla-ispanyada-golden-visa-webinari","status":"publish","type":"post","link":"https:\/\/tekcevisa.com\/tr\/emlak-yatirimi-yoluyla-ispanyada-golden-visa-webinari\/","title":{"rendered":"Emlak Yat\u0131r\u0131m\u0131 Yoluyla \u0130spanya&#8217;da Golden Visa Webinar&#8217;\u0131"},"content":{"rendered":"<p>Tekce Visa, yat\u0131r\u0131m yoluyla ger\u00e7ekle\u015fen ikamet ve vatanda\u015fl\u0131k programlar\u0131 do\u011frultusunda \u00e7\u00f6z\u00fcmler sunan bir hukuk dan\u0131\u015fmanl\u0131\u011f\u0131 firmas\u0131d\u0131r. D\u00fcnya \u00e7ap\u0131nda bu alanda lider konumda bulunan Tekce Visa olarak, \u0130spanya Golden Visa hakk\u0131nda bir webinar d\u00fczenliyoruz. Her ay rutin bir etkinlik olarak d\u00fczenledi\u011fimiz webinar\u0131n bir sonraki oturumu a\u011fustos ay\u0131nda ger\u00e7ekle\u015ftirilecektir. 9 A\u011fustos \u00c7ar\u015famba g\u00fcn\u00fc haz\u0131r olun, \u00e7\u00fcnk\u00fc bu programa siz de davetlisiniz!<\/p>\n<p><img decoding=\"async\" class=\" wp-image-5057 aligncenter\" src=\"https:\/\/tekcevisa.com\/tr\/wp-content\/uploads\/2023\/07\/webinar-ic-gorsel-2-300x109.jpg\" alt=\"\" width=\"906\" height=\"329\" srcset=\"https:\/\/tekcevisa.com\/tr\/wp-content\/uploads\/2023\/07\/webinar-ic-gorsel-2-300x109.jpg 300w, https:\/\/tekcevisa.com\/tr\/wp-content\/uploads\/2023\/07\/webinar-ic-gorsel-2-1024x373.jpg 1024w, https:\/\/tekcevisa.com\/tr\/wp-content\/uploads\/2023\/07\/webinar-ic-gorsel-2-768x280.jpg 768w, https:\/\/tekcevisa.com\/tr\/wp-content\/uploads\/2023\/07\/webinar-ic-gorsel-2-1536x560.jpg 1536w, https:\/\/tekcevisa.com\/tr\/wp-content\/uploads\/2023\/07\/webinar-ic-gorsel-2-260x95.jpg 260w, https:\/\/tekcevisa.com\/tr\/wp-content\/uploads\/2023\/07\/webinar-ic-gorsel-2-50x18.jpg 50w, https:\/\/tekcevisa.com\/tr\/wp-content\/uploads\/2023\/07\/webinar-ic-gorsel-2-150x55.jpg 150w, https:\/\/tekcevisa.com\/tr\/wp-content\/uploads\/2023\/07\/webinar-ic-gorsel-2.jpg 1920w\" sizes=\"(max-width: 906px) 100vw, 906px\" \/><\/p>\n<p>Tekce Visa, uluslararas\u0131 pazarda g\u00fcvenilir bir konumda bulunan bir \u015firketten beklenecek \u00fczere, tecr\u00fcbelerini g\u00fcncel tuttuklar\u0131 bilgi birikimiyle birle\u015ftiren uzman kadromuzu etkinlik s\u00fcresince <a href=\"https:\/\/tekcevisa.com\/tr\/oturum-izni\/ispanya\/ispanyada-golden-visa\/\">\u0130spanya Golden Visa (Alt\u0131n Vize)<\/a> hakk\u0131ndaki t\u00fcm sorular\u0131n\u0131z\u0131 cevaplamaya haz\u0131r olarak sizlerle bulu\u015fturuyor.<\/p>\n<p>Hayallerinize bir ad\u0131m daha yakla\u015fma ve vize s\u00fcre\u00e7leri hakk\u0131nda do\u011fru bilgiye eri\u015fme f\u0131rsat\u0131 tan\u0131yan bu webinar\u0131 ka\u00e7\u0131rmamak i\u00e7in etkinlik detaylar\u0131n\u0131 takviminize kaydetmeyi unutmay\u0131n.<\/p>\n<p>Kat\u0131l\u0131m linkine ula\u015fmak i\u00e7in bug\u00fcn a\u015fa\u011f\u0131daki ba\u015fvuru formunu doldurun!<\/p>\n<p><strong>Moderat\u00f6r<\/strong>: \u0130hsan Erol<\/p>\n<p><strong>Avukatlar<\/strong>: Funda Gizem \u00c7elik, Sefa Muhammed Y\u0131lmaz<\/p>\n<p><strong>Etkinlik Detaylar\u0131<\/strong>:<\/p>\n<p>9 A\u011fustos \u00c7ar\u015famba &#8211; 14.00<\/p>\n<p><strong>Not:<\/strong> Webinar tek oturum \u015feklinde ve T\u00fcrk\u00e7e olarak ger\u00e7ekle\u015ftirilecektir.<\/p>\n","protected":false},"excerpt":{"rendered":"<p>Tekce Visa, yat\u0131r\u0131m yoluyla ger\u00e7ekle\u015fen ikamet ve vatanda\u015fl\u0131k programlar\u0131 do\u011frultusunda<span class=\"excerpt-hellip\"> [\u2026]<\/span><\/p>\n","protected":false},"author":2,"featured_media":5054,"comment_status":"open","ping_status":"open","sticky":false,"template":"","format":"standard","meta":{"footnotes":""},"categories":[6],"tags":[],"class_list":["post-5036","post","type-post","status-publish","format-standard","has-post-thumbnail","hentry","category-haberler"],"yoast_head":"<!-- This site is optimized with the Yoast SEO plugin v24.2 - https:\/\/yoast.com\/wordpress\/plugins\/seo\/ -->\n<title>Tekce Visa ile \u0130spanya&#039;da Golden Visa Webinar\u0131&#039;na Kat\u0131l\u0131n!<\/title>\n<meta name=\"description\" content=\"Tekce Visa olarak etkinliklerimize T\u00fcrk\u00e7e olarak d\u00fczenlenecek \u0130spanya Golden Visa webinar\u0131 ile devam ediyoruz. Etkinlik detaylar\u0131 i\u00e7in yaz\u0131m\u0131za g\u00f6z at\u0131n!\" \/>\n<meta name=\"robots\" content=\"index, follow, max-snippet:-1, max-image-preview:large, max-video-preview:-1\" \/>\n<link rel=\"canonical\" href=\"https:\/\/tekcevisa.com\/tr\/emlak-yatirimi-yoluyla-ispanyada-golden-visa-webinari\/\" \/>\n<meta property=\"og:locale\" content=\"tr_TR\" \/>\n<meta property=\"og:type\" content=\"article\" \/>\n<meta property=\"og:title\" content=\"Tekce Visa ile \u0130spanya&#039;da Golden Visa Webinar\u0131&#039;na Kat\u0131l\u0131n!\" \/>\n<meta property=\"og:description\" content=\"Tekce Visa olarak etkinliklerimize T\u00fcrk\u00e7e olarak d\u00fczenlenecek \u0130spanya Golden Visa webinar\u0131 ile devam ediyoruz. Etkinlik detaylar\u0131 i\u00e7in yaz\u0131m\u0131za g\u00f6z at\u0131n!\" \/>\n<meta property=\"og:url\" content=\"https:\/\/tekcevisa.com\/tr\/emlak-yatirimi-yoluyla-ispanyada-golden-visa-webinari\/\" \/>\n<meta property=\"og:site_name\" content=\"Tekce Visa\" \/>\n<meta property=\"article:publisher\" content=\"https:\/\/www.instagram.com\/tekcevisa\/\" \/>\n<meta property=\"article:published_time\" content=\"2023-07-27T13:05:05+00:00\" \/>\n<meta property=\"article:modified_time\" content=\"2023-07-27T14:51:23+00:00\" \/>\n<meta property=\"og:image\" content=\"https:\/\/tekcevisa.com\/tr\/wp-content\/uploads\/2023\/07\/tekcevisa-blog-main.jpg\" \/>\n\t<meta property=\"og:image:width\" content=\"1025\" \/>\n\t<meta property=\"og:image:height\" content=\"1025\" \/>\n\t<meta property=\"og:image:type\" content=\"image\/jpeg\" \/>\n<meta name=\"author\" content=\"Leyla Zengin\" \/>\n<meta name=\"twitter:card\" content=\"summary_large_image\" \/>\n<meta name=\"twitter:label1\" content=\"Yazan:\" \/>\n\t<meta name=\"twitter:data1\" content=\"Leyla Zengin\" \/>\n\t<meta name=\"twitter:label2\" content=\"Tahmini okuma s\u00fcresi\" \/>\n\t<meta name=\"twitter:data2\" content=\"2 dakika\" \/>\n<script type=\"application\/ld+json\" class=\"yoast-schema-graph\">{\"@context\":\"https:\/\/schema.org\",\"@graph\":[{\"@type\":\"Article\",\"@id\":\"https:\/\/tekcevisa.com\/tr\/emlak-yatirimi-yoluyla-ispanyada-golden-visa-webinari\/#article\",\"isPartOf\":{\"@id\":\"https:\/\/tekcevisa.com\/tr\/emlak-yatirimi-yoluyla-ispanyada-golden-visa-webinari\/\"},\"author\":{\"name\":\"Leyla Zengin\",\"@id\":\"https:\/\/tekcevisa.com\/tr\/#\/schema\/person\/9ae874a94bdd5f54a4153e7a781793e7\"},\"headline\":\"Emlak Yat\u0131r\u0131m\u0131 Yoluyla \u0130spanya&#8217;da Golden Visa Webinar&#8217;\u0131\",\"datePublished\":\"2023-07-27T13:05:05+00:00\",\"dateModified\":\"2023-07-27T14:51:23+00:00\",\"mainEntityOfPage\":{\"@id\":\"https:\/\/tekcevisa.com\/tr\/emlak-yatirimi-yoluyla-ispanyada-golden-visa-webinari\/\"},\"wordCount\":225,\"commentCount\":0,\"publisher\":{\"@id\":\"https:\/\/tekcevisa.com\/tr\/#organization\"},\"image\":{\"@id\":\"https:\/\/tekcevisa.com\/tr\/emlak-yatirimi-yoluyla-ispanyada-golden-visa-webinari\/#primaryimage\"},\"thumbnailUrl\":\"https:\/\/tekcevisa.com\/tr\/wp-content\/uploads\/2023\/07\/tekcevisa-blog-main.jpg\",\"articleSection\":[\"Haberler\"],\"inLanguage\":\"tr\",\"potentialAction\":[{\"@type\":\"CommentAction\",\"name\":\"Comment\",\"target\":[\"https:\/\/tekcevisa.com\/tr\/emlak-yatirimi-yoluyla-ispanyada-golden-visa-webinari\/#respond\"]}]},{\"@type\":\"WebPage\",\"@id\":\"https:\/\/tekcevisa.com\/tr\/emlak-yatirimi-yoluyla-ispanyada-golden-visa-webinari\/\",\"url\":\"https:\/\/tekcevisa.com\/tr\/emlak-yatirimi-yoluyla-ispanyada-golden-visa-webinari\/\",\"name\":\"Tekce Visa ile \u0130spanya'da Golden Visa Webinar\u0131'na Kat\u0131l\u0131n!\",\"isPartOf\":{\"@id\":\"https:\/\/tekcevisa.com\/tr\/#website\"},\"primaryImageOfPage\":{\"@id\":\"https:\/\/tekcevisa.com\/tr\/emlak-yatirimi-yoluyla-ispanyada-golden-visa-webinari\/#primaryimage\"},\"image\":{\"@id\":\"https:\/\/tekcevisa.com\/tr\/emlak-yatirimi-yoluyla-ispanyada-golden-visa-webinari\/#primaryimage\"},\"thumbnailUrl\":\"https:\/\/tekcevisa.com\/tr\/wp-content\/uploads\/2023\/07\/tekcevisa-blog-main.jpg\",\"datePublished\":\"2023-07-27T13:05:05+00:00\",\"dateModified\":\"2023-07-27T14:51:23+00:00\",\"description\":\"Tekce Visa olarak etkinliklerimize T\u00fcrk\u00e7e olarak d\u00fczenlenecek \u0130spanya Golden Visa webinar\u0131 ile devam ediyoruz. Etkinlik detaylar\u0131 i\u00e7in yaz\u0131m\u0131za g\u00f6z at\u0131n!\",\"breadcrumb\":{\"@id\":\"https:\/\/tekcevisa.com\/tr\/emlak-yatirimi-yoluyla-ispanyada-golden-visa-webinari\/#breadcrumb\"},\"inLanguage\":\"tr\",\"potentialAction\":[{\"@type\":\"ReadAction\",\"target\":[\"https:\/\/tekcevisa.com\/tr\/emlak-yatirimi-yoluyla-ispanyada-golden-visa-webinari\/\"]}]},{\"@type\":\"ImageObject\",\"inLanguage\":\"tr\",\"@id\":\"https:\/\/tekcevisa.com\/tr\/emlak-yatirimi-yoluyla-ispanyada-golden-visa-webinari\/#primaryimage\",\"url\":\"https:\/\/tekcevisa.com\/tr\/wp-content\/uploads\/2023\/07\/tekcevisa-blog-main.jpg\",\"contentUrl\":\"https:\/\/tekcevisa.com\/tr\/wp-content\/uploads\/2023\/07\/tekcevisa-blog-main.jpg\",\"width\":1025,\"height\":1025},{\"@type\":\"BreadcrumbList\",\"@id\":\"https:\/\/tekcevisa.com\/tr\/emlak-yatirimi-yoluyla-ispanyada-golden-visa-webinari\/#breadcrumb\",\"itemListElement\":[{\"@type\":\"ListItem\",\"position\":1,\"name\":\"Ana Sayfa\",\"item\":\"https:\/\/tekcevisa.com\/tr\/\"},{\"@type\":\"ListItem\",\"position\":2,\"name\":\"Emlak Yat\u0131r\u0131m\u0131 Yoluyla \u0130spanya&#8217;da Golden Visa Webinar&#8217;\u0131\"}]},{\"@type\":\"WebSite\",\"@id\":\"https:\/\/tekcevisa.com\/tr\/#website\",\"url\":\"https:\/\/tekcevisa.com\/tr\/\",\"name\":\"Tekce Visa - Uluslararas\u0131 Hukuki Dan\u0131\u015fmanl\u0131k\",\"description\":\"Uluslararas\u0131 Hukuki Dan\u0131\u015fmanl\u0131k\",\"publisher\":{\"@id\":\"https:\/\/tekcevisa.com\/tr\/#organization\"},\"potentialAction\":[{\"@type\":\"SearchAction\",\"target\":{\"@type\":\"EntryPoint\",\"urlTemplate\":\"https:\/\/tekcevisa.com\/tr\/?s={search_term_string}\"},\"query-input\":{\"@type\":\"PropertyValueSpecification\",\"valueRequired\":true,\"valueName\":\"search_term_string\"}}],\"inLanguage\":\"tr\"},{\"@type\":\"Organization\",\"@id\":\"https:\/\/tekcevisa.com\/tr\/#organization\",\"name\":\"Tekce Visa\",\"url\":\"https:\/\/tekcevisa.com\/tr\/\",\"logo\":{\"@type\":\"ImageObject\",\"inLanguage\":\"tr\",\"@id\":\"https:\/\/tekcevisa.com\/tr\/#\/schema\/logo\/image\/\",\"url\":\"https:\/\/tekcevisa.com\/tr\/wp-content\/uploads\/2025\/08\/ah-tekce-visa-opened-1-removebg-preview.png\",\"contentUrl\":\"https:\/\/tekcevisa.com\/tr\/wp-content\/uploads\/2025\/08\/ah-tekce-visa-opened-1-removebg-preview.png\",\"width\":360,\"height\":360,\"caption\":\"Tekce Visa\"},\"image\":{\"@id\":\"https:\/\/tekcevisa.com\/tr\/#\/schema\/logo\/image\/\"},\"sameAs\":[\"https:\/\/www.instagram.com\/tekcevisa\/\"]},{\"@type\":\"Person\",\"@id\":\"https:\/\/tekcevisa.com\/tr\/#\/schema\/person\/9ae874a94bdd5f54a4153e7a781793e7\",\"name\":\"Leyla Zengin\",\"image\":{\"@type\":\"ImageObject\",\"inLanguage\":\"tr\",\"@id\":\"https:\/\/tekcevisa.com\/tr\/#\/schema\/person\/image\/\",\"url\":\"https:\/\/secure.gravatar.com\/avatar\/e7e09f1c6fed48348b13454ae8039e04aad644d4fd1ae5af37903d0bccc55b43?s=96&d=mm&r=g\",\"contentUrl\":\"https:\/\/secure.gravatar.com\/avatar\/e7e09f1c6fed48348b13454ae8039e04aad644d4fd1ae5af37903d0bccc55b43?s=96&d=mm&r=g\",\"caption\":\"Leyla Zengin\"},\"sameAs\":[\"https:\/\/tekcevisa.com\/\"]}]}<\/script>\n<!-- \/ Yoast SEO plugin. -->","yoast_head_json":{"title":"Tekce Visa ile \u0130spanya'da Golden Visa Webinar\u0131'na Kat\u0131l\u0131n!","description":"Tekce Visa olarak etkinliklerimize T\u00fcrk\u00e7e olarak d\u00fczenlenecek \u0130spanya Golden Visa webinar\u0131 ile devam ediyoruz. Etkinlik detaylar\u0131 i\u00e7in yaz\u0131m\u0131za g\u00f6z at\u0131n!","robots":{"index":"index","follow":"follow","max-snippet":"max-snippet:-1","max-image-preview":"max-image-preview:large","max-video-preview":"max-video-preview:-1"},"canonical":"https:\/\/tekcevisa.com\/tr\/emlak-yatirimi-yoluyla-ispanyada-golden-visa-webinari\/","og_locale":"tr_TR","og_type":"article","og_title":"Tekce Visa ile \u0130spanya'da Golden Visa Webinar\u0131'na Kat\u0131l\u0131n!","og_description":"Tekce Visa olarak etkinliklerimize T\u00fcrk\u00e7e olarak d\u00fczenlenecek \u0130spanya Golden Visa webinar\u0131 ile devam ediyoruz. Etkinlik detaylar\u0131 i\u00e7in yaz\u0131m\u0131za g\u00f6z at\u0131n!","og_url":"https:\/\/tekcevisa.com\/tr\/emlak-yatirimi-yoluyla-ispanyada-golden-visa-webinari\/","og_site_name":"Tekce Visa","article_publisher":"https:\/\/www.instagram.com\/tekcevisa\/","article_published_time":"2023-07-27T13:05:05+00:00","article_modified_time":"2023-07-27T14:51:23+00:00","og_image":[{"width":1025,"height":1025,"url":"https:\/\/tekcevisa.com\/tr\/wp-content\/uploads\/2023\/07\/tekcevisa-blog-main.jpg","type":"image\/jpeg"}],"author":"Leyla Zengin","twitter_card":"summary_large_image","twitter_misc":{"Yazan:":"Leyla Zengin","Tahmini okuma s\u00fcresi":"2 dakika"},"schema":{"@context":"https:\/\/schema.org","@graph":[{"@type":"Article","@id":"https:\/\/tekcevisa.com\/tr\/emlak-yatirimi-yoluyla-ispanyada-golden-visa-webinari\/#article","isPartOf":{"@id":"https:\/\/tekcevisa.com\/tr\/emlak-yatirimi-yoluyla-ispanyada-golden-visa-webinari\/"},"author":{"name":"Leyla Zengin","@id":"https:\/\/tekcevisa.com\/tr\/#\/schema\/person\/9ae874a94bdd5f54a4153e7a781793e7"},"headline":"Emlak Yat\u0131r\u0131m\u0131 Yoluyla \u0130spanya&#8217;da Golden Visa Webinar&#8217;\u0131","datePublished":"2023-07-27T13:05:05+00:00","dateModified":"2023-07-27T14:51:23+00:00","mainEntityOfPage":{"@id":"https:\/\/tekcevisa.com\/tr\/emlak-yatirimi-yoluyla-ispanyada-golden-visa-webinari\/"},"wordCount":225,"commentCount":0,"publisher":{"@id":"https:\/\/tekcevisa.com\/tr\/#organization"},"image":{"@id":"https:\/\/tekcevisa.com\/tr\/emlak-yatirimi-yoluyla-ispanyada-golden-visa-webinari\/#primaryimage"},"thumbnailUrl":"https:\/\/tekcevisa.com\/tr\/wp-content\/uploads\/2023\/07\/tekcevisa-blog-main.jpg","articleSection":["Haberler"],"inLanguage":"tr","potentialAction":[{"@type":"CommentAction","name":"Comment","target":["https:\/\/tekcevisa.com\/tr\/emlak-yatirimi-yoluyla-ispanyada-golden-visa-webinari\/#respond"]}]},{"@type":"WebPage","@id":"https:\/\/tekcevisa.com\/tr\/emlak-yatirimi-yoluyla-ispanyada-golden-visa-webinari\/","url":"https:\/\/tekcevisa.com\/tr\/emlak-yatirimi-yoluyla-ispanyada-golden-visa-webinari\/","name":"Tekce Visa ile \u0130spanya'da Golden Visa Webinar\u0131'na Kat\u0131l\u0131n!","isPartOf":{"@id":"https:\/\/tekcevisa.com\/tr\/#website"},"primaryImageOfPage":{"@id":"https:\/\/tekcevisa.com\/tr\/emlak-yatirimi-yoluyla-ispanyada-golden-visa-webinari\/#primaryimage"},"image":{"@id":"https:\/\/tekcevisa.com\/tr\/emlak-yatirimi-yoluyla-ispanyada-golden-visa-webinari\/#primaryimage"},"thumbnailUrl":"https:\/\/tekcevisa.com\/tr\/wp-content\/uploads\/2023\/07\/tekcevisa-blog-main.jpg","datePublished":"2023-07-27T13:05:05+00:00","dateModified":"2023-07-27T14:51:23+00:00","description":"Tekce Visa olarak etkinliklerimize T\u00fcrk\u00e7e olarak d\u00fczenlenecek \u0130spanya Golden Visa webinar\u0131 ile devam ediyoruz. Etkinlik detaylar\u0131 i\u00e7in yaz\u0131m\u0131za g\u00f6z at\u0131n!","breadcrumb":{"@id":"https:\/\/tekcevisa.com\/tr\/emlak-yatirimi-yoluyla-ispanyada-golden-visa-webinari\/#breadcrumb"},"inLanguage":"tr","potentialAction":[{"@type":"ReadAction","target":["https:\/\/tekcevisa.com\/tr\/emlak-yatirimi-yoluyla-ispanyada-golden-visa-webinari\/"]}]},{"@type":"ImageObject","inLanguage":"tr","@id":"https:\/\/tekcevisa.com\/tr\/emlak-yatirimi-yoluyla-ispanyada-golden-visa-webinari\/#primaryimage","url":"https:\/\/tekcevisa.com\/tr\/wp-content\/uploads\/2023\/07\/tekcevisa-blog-main.jpg","contentUrl":"https:\/\/tekcevisa.com\/tr\/wp-content\/uploads\/2023\/07\/tekcevisa-blog-main.jpg","width":1025,"height":1025},{"@type":"BreadcrumbList","@id":"https:\/\/tekcevisa.com\/tr\/emlak-yatirimi-yoluyla-ispanyada-golden-visa-webinari\/#breadcrumb","itemListElement":[{"@type":"ListItem","position":1,"name":"Ana Sayfa","item":"https:\/\/tekcevisa.com\/tr\/"},{"@type":"ListItem","position":2,"name":"Emlak Yat\u0131r\u0131m\u0131 Yoluyla \u0130spanya&#8217;da Golden Visa Webinar&#8217;\u0131"}]},{"@type":"WebSite","@id":"https:\/\/tekcevisa.com\/tr\/#website","url":"https:\/\/tekcevisa.com\/tr\/","name":"Tekce Visa - Uluslararas\u0131 Hukuki Dan\u0131\u015fmanl\u0131k","description":"Uluslararas\u0131 Hukuki Dan\u0131\u015fmanl\u0131k","publisher":{"@id":"https:\/\/tekcevisa.com\/tr\/#organization"},"potentialAction":[{"@type":"SearchAction","target":{"@type":"EntryPoint","urlTemplate":"https:\/\/tekcevisa.com\/tr\/?s={search_term_string}"},"query-input":{"@type":"PropertyValueSpecification","valueRequired":true,"valueName":"search_term_string"}}],"inLanguage":"tr"},{"@type":"Organization","@id":"https:\/\/tekcevisa.com\/tr\/#organization","name":"Tekce Visa","url":"https:\/\/tekcevisa.com\/tr\/","logo":{"@type":"ImageObject","inLanguage":"tr","@id":"https:\/\/tekcevisa.com\/tr\/#\/schema\/logo\/image\/","url":"https:\/\/tekcevisa.com\/tr\/wp-content\/uploads\/2025\/08\/ah-tekce-visa-opened-1-removebg-preview.png","contentUrl":"https:\/\/tekcevisa.com\/tr\/wp-content\/uploads\/2025\/08\/ah-tekce-visa-opened-1-removebg-preview.png","width":360,"height":360,"caption":"Tekce Visa"},"image":{"@id":"https:\/\/tekcevisa.com\/tr\/#\/schema\/logo\/image\/"},"sameAs":["https:\/\/www.instagram.com\/tekcevisa\/"]},{"@type":"Person","@id":"https:\/\/tekcevisa.com\/tr\/#\/schema\/person\/9ae874a94bdd5f54a4153e7a781793e7","name":"Leyla Zengin","image":{"@type":"ImageObject","inLanguage":"tr","@id":"https:\/\/tekcevisa.com\/tr\/#\/schema\/person\/image\/","url":"https:\/\/secure.gravatar.com\/avatar\/e7e09f1c6fed48348b13454ae8039e04aad644d4fd1ae5af37903d0bccc55b43?s=96&d=mm&r=g","contentUrl":"https:\/\/secure.gravatar.com\/avatar\/e7e09f1c6fed48348b13454ae8039e04aad644d4fd1ae5af37903d0bccc55b43?s=96&d=mm&r=g","caption":"Leyla Zengin"},"sameAs":["https:\/\/tekcevisa.com\/"]}]}},"_links":{"self":[{"href":"https:\/\/tekcevisa.com\/tr\/wp-json\/wp\/v2\/posts\/5036","targetHints":{"allow":["GET"]}}],"collection":[{"href":"https:\/\/tekcevisa.com\/tr\/wp-json\/wp\/v2\/posts"}],"about":[{"href":"https:\/\/tekcevisa.com\/tr\/wp-json\/wp\/v2\/types\/post"}],"author":[{"embeddable":true,"href":"https:\/\/tekcevisa.com\/tr\/wp-json\/wp\/v2\/users\/2"}],"replies":[{"embeddable":true,"href":"https:\/\/tekcevisa.com\/tr\/wp-json\/wp\/v2\/comments?post=5036"}],"version-history":[{"count":5,"href":"https:\/\/tekcevisa.com\/tr\/wp-json\/wp\/v2\/posts\/5036\/revisions"}],"predecessor-version":[{"id":5058,"href":"https:\/\/tekcevisa.com\/tr\/wp-json\/wp\/v2\/posts\/5036\/revisions\/5058"}],"wp:featuredmedia":[{"embeddable":true,"href":"https:\/\/tekcevisa.com\/tr\/wp-json\/wp\/v2\/media\/5054"}],"wp:attachment":[{"href":"https:\/\/tekcevisa.com\/tr\/wp-json\/wp\/v2\/media?parent=5036"}],"wp:term":[{"taxonomy":"category","embeddable":true,"href":"https:\/\/tekcevisa.com\/tr\/wp-json\/wp\/v2\/categories?post=5036"},{"taxonomy":"post_tag","embeddable":true,"href":"https:\/\/tekcevisa.com\/tr\/wp-json\/wp\/v2\/tags?post=5036"}],"curies":[{"name":"wp","href":"https:\/\/api.w.org\/{rel}","templated":true}]}}