{"id":514,"date":"2022-12-19T23:46:15","date_gmt":"2022-12-19T20:46:15","guid":{"rendered":"https:\/\/tekcevisa.com\/?p=514"},"modified":"2023-06-06T14:32:12","modified_gmt":"2023-06-06T11:32:12","slug":"ispanyada-kar-amaci-gutmeyen-oturum-izni","status":"publish","type":"post","link":"https:\/\/tekcevisa.com\/tr\/ispanyada-kar-amaci-gutmeyen-oturum-izni\/","title":{"rendered":"\u0130spanya\u2019da K\u00e2r Amac\u0131 G\u00fctmeyen Oturum \u0130zni"},"content":{"rendered":"<div id=\"ez-toc-container\" class=\"ez-toc-v2_0_62 counter-hierarchy ez-toc-counter ez-toc-transparent ez-toc-container-direction\">\n<div class=\"ez-toc-title-container\">\n<p class=\"ez-toc-title \" >\u0130&ccedil;indekiler<\/p>\n<span class=\"ez-toc-title-toggle\"><\/span><\/div>\n<nav><ul class='ez-toc-list ez-toc-list-level-1 ' ><li class='ez-toc-page-1 ez-toc-heading-level-2'><a class=\"ez-toc-link ez-toc-heading-1\" href=\"https:\/\/tekcevisa.com\/tr\/ispanyada-kar-amaci-gutmeyen-oturum-izni\/#Ispanyada_Kar_Amaci_Gutmeyen_Vize_ve_Oturum_Izni_Ilgili_Genel_Bilgiler\" title=\"\u0130spanya\u2019da K\u00e2r Amac\u0131 G\u00fctmeyen Vize ve Oturum \u0130zni \u0130lgili Genel Bilgiler\">\u0130spanya\u2019da K\u00e2r Amac\u0131 G\u00fctmeyen Vize ve Oturum \u0130zni \u0130lgili Genel Bilgiler<\/a><\/li><li class='ez-toc-page-1 ez-toc-heading-level-2'><a class=\"ez-toc-link ez-toc-heading-2\" href=\"https:\/\/tekcevisa.com\/tr\/ispanyada-kar-amaci-gutmeyen-oturum-izni\/#Ispanyada_Kar_Amaci_Gutmeyen_Vize_Nasil_Alinir\" title=\"\u0130spanya\u2019da K\u00e2r Amac\u0131 G\u00fctmeyen Vize Nas\u0131l Al\u0131n\u0131r?\">\u0130spanya\u2019da K\u00e2r Amac\u0131 G\u00fctmeyen Vize Nas\u0131l Al\u0131n\u0131r?<\/a><\/li><li class='ez-toc-page-1 ez-toc-heading-level-2'><a class=\"ez-toc-link ez-toc-heading-3\" href=\"https:\/\/tekcevisa.com\/tr\/ispanyada-kar-amaci-gutmeyen-oturum-izni\/#Ispanyada_Kar_Amaci_Gutmeyen_Oturum_Izni_Basvuru_Sureci\" title=\"\u0130spanya&#8217;da K\u00e2r Amac\u0131 G\u00fctmeyen Oturum \u0130zni Ba\u015fvuru S\u00fcreci\">\u0130spanya&#8217;da K\u00e2r Amac\u0131 G\u00fctmeyen Oturum \u0130zni Ba\u015fvuru S\u00fcreci<\/a><\/li><\/ul><\/nav><\/div>\n<p>\u0130spanya\u2019da ya\u015faman\u0131n en kolay yollar\u0131ndan biri, sahiplerine \u0130spanya\u2019da ya\u015fama izni veren k\u00e2r amac\u0131 g\u00fctmeyen oturum izni (Non Lucrative Visa). <a href=\"https:\/\/tekcevisa.com\/tr\/oturum-izni\/ispanya\/\" target=\"_blank\" rel=\"noopener\">\u0130spanya\u2019da oturum izni<\/a> alman\u0131n en kolay yollar\u0131ndan biri olan bu vize ile ilgili detayl\u0131 bilgiyi yaz\u0131m\u0131zda bulabilirsiniz.<\/p>\n<h2><span class=\"ez-toc-section\" id=\"Ispanyada_Kar_Amaci_Gutmeyen_Vize_ve_Oturum_Izni_Ilgili_Genel_Bilgiler\"><\/span>\u0130spanya\u2019da K\u00e2r Amac\u0131 G\u00fctmeyen Vize ve Oturum \u0130zni \u0130lgili Genel Bilgiler<span class=\"ez-toc-section-end\"><\/span><\/h2>\n<p>K\u00e2r amac\u0131 g\u00fctmeyen vize sahiplerine \u0130spanya\u2019ya 3 ay 15 g\u00fcn s\u00fcreyle \u0130spanya\u2019ya giri\u015f yapma izni vermektedir. Bu s\u00fcre i\u00e7erisinde vize sahipleri oturum izni ba\u015fvurusunda bulunmal\u0131d\u0131r. Hamilerine \u0130spanya\u2019da bir y\u0131ll\u0131k ikamet sa\u011flayan bu izin, devam eden s\u00fcre\u00e7te de yenilenebilmektedir.<\/p>\n<p>\u0130spanya\u2019da k\u00e2r amac\u0131 g\u00fctmeyen oturum izninin \u00e7ok say\u0131da avantaj\u0131 bulunmas\u0131na kar\u015f\u0131n \u00e7ok az \u015fart\u0131 bulunmaktad\u0131r. A\u015fa\u011f\u0131da bu oturum izni i\u00e7in gerekli pratik bilgileri bulabilirsiniz.<\/p>\n<ul>\n<li>K\u00e2r amac\u0131 g\u00fctmeyen oturum izni yabanc\u0131lar\u0131n ve aile \u00fcyelerinin \u0130spanya\u2019da ya\u015famas\u0131na olanak tan\u0131r.<\/li>\n<li>Bu oturum izni \u00e7al\u0131\u015fma izni sa\u011flamaz. Ancak oturum izni sahipleri yabanc\u0131 \u015firketler i\u00e7in uzaktan \u00e7al\u0131\u015fabilir.<\/li>\n<li>Oturum izni ilk olarak 1 y\u0131ll\u0131\u011f\u0131na verilir ve ard\u0131ndan her 2 y\u0131l i\u00e7in yenilenebilir.<\/li>\n<li>Bu oturum izni ayn\u0131 zamanda turist vizesi olarak da \u00e7al\u0131\u015f\u0131r. Bu sayede oturum izni sahipleri di\u011fer Avrupa \u00fclkelerine seyahat edebilir.<\/li>\n<li>E\u015f veya partner, ekonomik olarak ba\u011f\u0131ml\u0131 \u00e7ocuklar veya anne-baba gibi aile a\u011fac\u0131n\u0131n yukar\u0131s\u0131ndaki ki\u015filer bu vizeden yararlanabilir.<\/li>\n<\/ul>\n<p>Pratik bilgilerin ard\u0131ndan \u015fimdi ise di\u011fer ad\u0131mlara g\u00f6z atal\u0131m.<\/p>\n<h2><span class=\"ez-toc-section\" id=\"Ispanyada_Kar_Amaci_Gutmeyen_Vize_Nasil_Alinir\"><\/span>\u0130spanya\u2019da K\u00e2r Amac\u0131 G\u00fctmeyen Vize Nas\u0131l Al\u0131n\u0131r?<span class=\"ez-toc-section-end\"><\/span><\/h2>\n<p>Sa\u011flad\u0131\u011f\u0131 say\u0131s\u0131z avantaja kar\u015f\u0131n, k\u00e2r amac\u0131 g\u00fctmeyen vizenin \u00e7ok az say\u0131da \u015fart\u0131 bulunmaktad\u0131r. Bu oturum izni i\u00e7in gerekli belgeler;<\/p>\n<p><strong>1. Ulusal vize ba\u015fvuru formu.<\/strong>\u00a0Her ba\u015fvuran taraf\u0131ndan doldurulmal\u0131 ve imzalanmal\u0131.<\/p>\n<p><strong>2. K\u00e2r amac\u0131 g\u00fctmeyen oturum izni ba\u015fvuru formu.<\/strong> Her ba\u015fvuran taraf\u0131ndan doldurulmal\u0131 ve imzalanmal\u0131.<\/p>\n<p><strong>3. Yeni \u00e7ekilmi\u015f biyometrik foto\u011fraf.<\/strong><\/p>\n<p><strong>4. Ge\u00e7erli ve s\u00fcresi dolmam\u0131\u015f pasaport.<\/strong> Pasaportun en az 1 y\u0131l daha ge\u00e7erlili\u011fi ve en az 2 bo\u015f sayfas\u0131 bulunmal\u0131.<\/p>\n<p><strong>5. Maddi yeterlilik belgesi<\/strong><\/p>\n<p>Ba\u015fvuran, kendisi ve e\u011fer ba\u015fvurusuna dahil edece\u011fi bireyler varsa, tamam\u0131 i\u00e7in yeterli kaynak veya d\u00fczenli gelir g\u00f6stermelidir.<\/p>\n<p>Y\u0131ll\u0131k gerekli minimum maddi kaynak \u0130spanya\u2019da IPREM olarak bilinen g\u00f6stergenin %400\u2019\u00fcd\u00fcr. Ba\u015fvuruya dahil edilecek her ki\u015fi i\u00e7in ek olarak IPREM de\u011ferinin %100\u2019\u00fc kadar ek kaynak veya gelir g\u00f6sterilmelidir. 2022 y\u0131l\u0131 i\u00e7in minimum gerekli miktar 29,702 \u20ac, ba\u015fvuruya eklenecek her ki\u015fi i\u00e7in ek olarak 6,948 \u20ac\u2019dur.<\/p>\n<p><strong>6. Sa\u011fl\u0131k Sigortas\u0131<\/strong><\/p>\n<p>Ba\u015fvuru sahibi, \u0130spanya&#8217;da faaliyet g\u00f6stermeye yetkili bir sigorta \u015firketinden s\u00f6zle\u015fmeli, ortak \u00f6deme (veya muafiyet) olmaks\u0131z\u0131n kamu veya \u00f6zel sa\u011fl\u0131k sigortas\u0131n\u0131 akredite eden sertifikan\u0131n asl\u0131n\u0131 ve bir kopyas\u0131n\u0131 beyan etmelidir. Poli\u00e7e en az 1 y\u0131l ge\u00e7erli olmal\u0131 ve t\u00fcm vize sahiplerini, \u0130spanya\u2019da kamu sa\u011fl\u0131k sistemi taraf\u0131ndan \u00f6ng\u00f6r\u00fclen riskler \u00fczerine kapsamal\u0131d\u0131r. Sa\u011fl\u0131k kapsam\u0131 da bulunan seyahat sigortalar\u0131 kabul edilmemektedir.<\/p>\n<p><strong>7. Sicil Kayd\u0131<\/strong><\/p>\n<p>Ba\u015fvuranlar adli sicil kay\u0131tlar\u0131n\u0131n asl\u0131n\u0131 ve fotokopilerini sunmal\u0131d\u0131r. Bu belgeler, ba\u015fvuranlar\u0131n \u00fclkelerinden veya son 5 y\u0131lda ikamet ettikleri \u00fclkeden al\u0131nmal\u0131d\u0131r.<\/p>\n<p><strong>8. Sa\u011fl\u0131k Belgesi<\/strong><\/p>\n<p>Ba\u015fvuru sahipleri, 2005 Uluslararas\u0131 Sa\u011fl\u0131k T\u00fcz\u00fc\u011f\u00fc uyar\u0131nca halk sa\u011fl\u0131\u011f\u0131n\u0131 ciddi \u015fekilde etkileyecek herhangi bir hastal\u0131\u011f\u0131 bulunmad\u0131\u011f\u0131na dair sa\u011fl\u0131k raporunun asl\u0131n\u0131 ve fotokopisini sunmal\u0131d\u0131r.<\/p>\n<p><em><strong>\u00d6nemli Not:<\/strong><\/em> <em>E\u011fer di\u011fer \u00fclkelerden al\u0131nan belgeler sunulacaksa, bu belgeler tasdiklenmeli veya apostillenmelidir. Ek olarak e\u011fer m\u00fcmk\u00fcnse, belgeler \u0130spanyolca\u2019ya \u00e7evrilmelidir.<\/em><\/p>\n<p><img decoding=\"async\" class=\" wp-image-4702 aligncenter\" src=\"https:\/\/tekcevisa.com\/tr\/wp-content\/uploads\/2022\/12\/Non-lucreative-in-spain-horizontal-300x109.jpeg\" alt=\"\" width=\"1095\" height=\"398\" srcset=\"https:\/\/tekcevisa.com\/tr\/wp-content\/uploads\/2022\/12\/Non-lucreative-in-spain-horizontal-300x109.jpeg 300w, https:\/\/tekcevisa.com\/tr\/wp-content\/uploads\/2022\/12\/Non-lucreative-in-spain-horizontal-1024x373.jpeg 1024w, https:\/\/tekcevisa.com\/tr\/wp-content\/uploads\/2022\/12\/Non-lucreative-in-spain-horizontal-768x280.jpeg 768w, https:\/\/tekcevisa.com\/tr\/wp-content\/uploads\/2022\/12\/Non-lucreative-in-spain-horizontal-1536x560.jpeg 1536w, https:\/\/tekcevisa.com\/tr\/wp-content\/uploads\/2022\/12\/Non-lucreative-in-spain-horizontal-260x95.jpeg 260w, https:\/\/tekcevisa.com\/tr\/wp-content\/uploads\/2022\/12\/Non-lucreative-in-spain-horizontal-50x18.jpeg 50w, https:\/\/tekcevisa.com\/tr\/wp-content\/uploads\/2022\/12\/Non-lucreative-in-spain-horizontal-150x55.jpeg 150w, https:\/\/tekcevisa.com\/tr\/wp-content\/uploads\/2022\/12\/Non-lucreative-in-spain-horizontal.jpeg 1920w\" sizes=\"(max-width: 1095px) 100vw, 1095px\" \/><\/p>\n<h2><span class=\"ez-toc-section\" id=\"Ispanyada_Kar_Amaci_Gutmeyen_Oturum_Izni_Basvuru_Sureci\"><\/span>\u0130spanya&#8217;da K\u00e2r Amac\u0131 G\u00fctmeyen Oturum \u0130zni Ba\u015fvuru S\u00fcreci<span class=\"ez-toc-section-end\"><\/span><\/h2>\n<p>Vize ba\u015fvuru s\u00fcreci; \u0130spanya\u2019n\u0131n d\u0131\u015f\u0131nda vizeye ba\u015fvuru ve \u0130spanya\u2019ya girdikten sonra oturum kart\u0131n\u0131 (TIE) almak olarak iki b\u00f6l\u00fcmden olu\u015fmaktad\u0131r.<\/p>\n<p>Ba\u015flang\u0131\u00e7 k\u0131sm\u0131, \u0130spanya\u2019n\u0131n di\u011fer \u00fclkelerdeki temsilciliklerinde tamamlanmal\u0131d\u0131r. Bu nedenle bu s\u00fcreci \u0130spanya\u2019dayken ba\u015flatmak m\u00fcmk\u00fcn de\u011fildir. Ayr\u0131ca, ba\u015fvuru i\u00e7in gerekli \u00fccret \u00e7o\u011fu \u00fclke i\u00e7in 80 \u20ac, ABD vatanda\u015flar\u0131 i\u00e7in 123 \u20ac ve Kanada vatanda\u015flar\u0131 i\u00e7in 507 \u20ac\u2019dur.<\/p>\n<p>Temsilcilikte ba\u015fvurunun ba\u015flat\u0131lmas\u0131n\u0131n ard\u0131ndan temsilcili\u011fin s\u00fcreci sonu\u00e7land\u0131rmas\u0131 i\u00e7in 1 ay s\u00fcresi bulunmaktad\u0131r. E\u011fer sonu\u00e7 olumlu ise, ba\u015fvuran\u0131n \u0130spanya\u2019ya giri\u015f yapmas\u0131 i\u00e7in 90 g\u00fcn s\u00fcresi bulunacakt\u0131r. \u0130spanya\u2019ya giri\u015f yap\u0131lmas\u0131n\u0131n ard\u0131ndan 1 ay i\u00e7erisinden Yabanc\u0131 Kimlik Kart\u0131 (TIE) al\u0131nmal\u0131d\u0131r. Bu kart, Yabanc\u0131lar Ofisi\u2019nden veya ilgili polis merkezinden al\u0131nabilmektedir.<\/p>\n<p>E\u011fer belirtilen 90 g\u00fcn s\u00fcre i\u00e7erisinde ba\u015fvuran \u00fclkeye giri\u015f yapmazsa, oturum izni hakk\u0131 feshedilir.<\/p>\n<p>Ayr\u0131ca, k\u00e2r amac\u0131 g\u00fctmeyen vize herhangi bir \u00e7al\u0131\u015fma izni sa\u011flamamaktad\u0131r.<\/p>\n<p>\u0130spanya\u2019da k\u00e2r amac\u0131 g\u00fctmeyen vize alma s\u00fcreci olduk\u00e7a basittir. Gerekli maddi kayna\u011fa sahip olan ve istenen belgeleri do\u011fru bir \u015fekilde haz\u0131rlayan ba\u015fvuranlar y\u00fcksek oranla vizeye sahip olmaktad\u0131r. Ancak bu s\u00fcrecin profesyonel yard\u0131m almadan kar\u0131\u015f\u0131k olabilece\u011fi de unutulmamal\u0131d\u0131r.<\/p>\n<p>Tekce Visa olarak oturum izinleri, vize ve vatanda\u015fl\u0131k s\u00fcre\u00e7leri i\u00e7in profesyonel ve modern hizmetler sunmaktay\u0131z. Sizin dilinizde konu\u015fan avukat ekibimiz ile oturum izninizi en kolay ve en h\u0131zl\u0131 \u015fekilde alabilirsiniz. Hizmetlerimizden yararlanmak i\u00e7in diledi\u011finiz zaman <a href=\"https:\/\/tekcevisa.com\/tr\/iletisim\/\" target=\"_blank\" rel=\"noopener\">bizimle ileti\u015fime ge\u00e7ebilirsiniz<\/a>.<\/p>\n","protected":false},"excerpt":{"rendered":"<p>\u0130spanya\u2019da ya\u015faman\u0131n en kolay yollar\u0131ndan biri, sahiplerine \u0130spanya\u2019da ya\u015fama izni<span class=\"excerpt-hellip\"> [\u2026]<\/span><\/p>\n","protected":false},"author":6,"featured_media":4700,"comment_status":"open","ping_status":"closed","sticky":false,"template":"","format":"standard","meta":{"footnotes":""},"categories":[7],"tags":[],"class_list":["post-514","post","type-post","status-publish","format-standard","has-post-thumbnail","hentry","category-oturum-izni"],"yoast_head":"<!-- This site is optimized with the Yoast SEO plugin v24.2 - https:\/\/yoast.com\/wordpress\/plugins\/seo\/ -->\n<title>\u0130spanya\u2019da Kar Amac\u0131 G\u00fctmeyen Oturum \u0130zni - Tekce Visa<\/title>\n<meta name=\"description\" content=\"\u0130spanya&#039;da \u00e7al\u0131\u015fma izni olmadan ya\u015famak istiyorsan\u0131z, \u0130spanya&#039;da kar amac\u0131 g\u00fctmeyen oturum izni idealdir. Daha fazla bilgi i\u00e7in g\u00f6z at\u0131n!\" \/>\n<meta name=\"robots\" content=\"index, follow, max-snippet:-1, max-image-preview:large, max-video-preview:-1\" \/>\n<link rel=\"canonical\" href=\"https:\/\/tekcevisa.com\/tr\/ispanyada-kar-amaci-gutmeyen-oturum-izni\/\" \/>\n<meta property=\"og:locale\" content=\"tr_TR\" \/>\n<meta property=\"og:type\" content=\"article\" \/>\n<meta property=\"og:title\" content=\"\u0130spanya\u2019da Kar Amac\u0131 G\u00fctmeyen Oturum \u0130zni - Tekce Visa\" \/>\n<meta property=\"og:description\" content=\"\u0130spanya&#039;da \u00e7al\u0131\u015fma izni olmadan ya\u015famak istiyorsan\u0131z, \u0130spanya&#039;da kar amac\u0131 g\u00fctmeyen oturum izni idealdir. Daha fazla bilgi i\u00e7in g\u00f6z at\u0131n!\" \/>\n<meta property=\"og:url\" content=\"https:\/\/tekcevisa.com\/tr\/ispanyada-kar-amaci-gutmeyen-oturum-izni\/\" \/>\n<meta property=\"og:site_name\" content=\"Tekce Visa\" \/>\n<meta property=\"article:publisher\" content=\"https:\/\/www.instagram.com\/tekcevisa\/\" \/>\n<meta property=\"article:published_time\" content=\"2022-12-19T20:46:15+00:00\" \/>\n<meta property=\"article:modified_time\" content=\"2023-06-06T11:32:12+00:00\" \/>\n<meta property=\"og:image\" content=\"https:\/\/tekcevisa.com\/tr\/wp-content\/uploads\/2022\/12\/Non-lucreative-in-spain-kare-1024x1024-1.jpeg\" \/>\n\t<meta property=\"og:image:width\" content=\"1024\" \/>\n\t<meta property=\"og:image:height\" content=\"1024\" \/>\n\t<meta property=\"og:image:type\" content=\"image\/jpeg\" \/>\n<meta name=\"author\" content=\"adminbayramtr\" \/>\n<meta name=\"twitter:card\" content=\"summary_large_image\" \/>\n<meta name=\"twitter:label1\" content=\"Yazan:\" \/>\n\t<meta name=\"twitter:data1\" content=\"adminbayramtr\" \/>\n\t<meta name=\"twitter:label2\" content=\"Tahmini okuma s\u00fcresi\" \/>\n\t<meta name=\"twitter:data2\" content=\"5 dakika\" \/>\n<script type=\"application\/ld+json\" class=\"yoast-schema-graph\">{\"@context\":\"https:\/\/schema.org\",\"@graph\":[{\"@type\":\"Article\",\"@id\":\"https:\/\/tekcevisa.com\/tr\/ispanyada-kar-amaci-gutmeyen-oturum-izni\/#article\",\"isPartOf\":{\"@id\":\"https:\/\/tekcevisa.com\/tr\/ispanyada-kar-amaci-gutmeyen-oturum-izni\/\"},\"author\":{\"name\":\"adminbayramtr\",\"@id\":\"https:\/\/tekcevisa.com\/tr\/#\/schema\/person\/2d2e96e0379e51d8b181bf60b52f2942\"},\"headline\":\"\u0130spanya\u2019da K\u00e2r Amac\u0131 G\u00fctmeyen Oturum \u0130zni\",\"datePublished\":\"2022-12-19T20:46:15+00:00\",\"dateModified\":\"2023-06-06T11:32:12+00:00\",\"mainEntityOfPage\":{\"@id\":\"https:\/\/tekcevisa.com\/tr\/ispanyada-kar-amaci-gutmeyen-oturum-izni\/\"},\"wordCount\":953,\"commentCount\":0,\"publisher\":{\"@id\":\"https:\/\/tekcevisa.com\/tr\/#organization\"},\"image\":{\"@id\":\"https:\/\/tekcevisa.com\/tr\/ispanyada-kar-amaci-gutmeyen-oturum-izni\/#primaryimage\"},\"thumbnailUrl\":\"https:\/\/tekcevisa.com\/tr\/wp-content\/uploads\/2022\/12\/Non-lucreative-in-spain-kare-1024x1024-1.jpeg\",\"articleSection\":[\"Oturum \u0130zni\"],\"inLanguage\":\"tr\",\"potentialAction\":[{\"@type\":\"CommentAction\",\"name\":\"Comment\",\"target\":[\"https:\/\/tekcevisa.com\/tr\/ispanyada-kar-amaci-gutmeyen-oturum-izni\/#respond\"]}]},{\"@type\":\"WebPage\",\"@id\":\"https:\/\/tekcevisa.com\/tr\/ispanyada-kar-amaci-gutmeyen-oturum-izni\/\",\"url\":\"https:\/\/tekcevisa.com\/tr\/ispanyada-kar-amaci-gutmeyen-oturum-izni\/\",\"name\":\"\u0130spanya\u2019da Kar Amac\u0131 G\u00fctmeyen Oturum \u0130zni - Tekce Visa\",\"isPartOf\":{\"@id\":\"https:\/\/tekcevisa.com\/tr\/#website\"},\"primaryImageOfPage\":{\"@id\":\"https:\/\/tekcevisa.com\/tr\/ispanyada-kar-amaci-gutmeyen-oturum-izni\/#primaryimage\"},\"image\":{\"@id\":\"https:\/\/tekcevisa.com\/tr\/ispanyada-kar-amaci-gutmeyen-oturum-izni\/#primaryimage\"},\"thumbnailUrl\":\"https:\/\/tekcevisa.com\/tr\/wp-content\/uploads\/2022\/12\/Non-lucreative-in-spain-kare-1024x1024-1.jpeg\",\"datePublished\":\"2022-12-19T20:46:15+00:00\",\"dateModified\":\"2023-06-06T11:32:12+00:00\",\"description\":\"\u0130spanya'da \u00e7al\u0131\u015fma izni olmadan ya\u015famak istiyorsan\u0131z, \u0130spanya'da kar amac\u0131 g\u00fctmeyen oturum izni idealdir. Daha fazla bilgi i\u00e7in g\u00f6z at\u0131n!\",\"breadcrumb\":{\"@id\":\"https:\/\/tekcevisa.com\/tr\/ispanyada-kar-amaci-gutmeyen-oturum-izni\/#breadcrumb\"},\"inLanguage\":\"tr\",\"potentialAction\":[{\"@type\":\"ReadAction\",\"target\":[\"https:\/\/tekcevisa.com\/tr\/ispanyada-kar-amaci-gutmeyen-oturum-izni\/\"]}]},{\"@type\":\"ImageObject\",\"inLanguage\":\"tr\",\"@id\":\"https:\/\/tekcevisa.com\/tr\/ispanyada-kar-amaci-gutmeyen-oturum-izni\/#primaryimage\",\"url\":\"https:\/\/tekcevisa.com\/tr\/wp-content\/uploads\/2022\/12\/Non-lucreative-in-spain-kare-1024x1024-1.jpeg\",\"contentUrl\":\"https:\/\/tekcevisa.com\/tr\/wp-content\/uploads\/2022\/12\/Non-lucreative-in-spain-kare-1024x1024-1.jpeg\",\"width\":1024,\"height\":1024},{\"@type\":\"BreadcrumbList\",\"@id\":\"https:\/\/tekcevisa.com\/tr\/ispanyada-kar-amaci-gutmeyen-oturum-izni\/#breadcrumb\",\"itemListElement\":[{\"@type\":\"ListItem\",\"position\":1,\"name\":\"Ana Sayfa\",\"item\":\"https:\/\/tekcevisa.com\/tr\/\"},{\"@type\":\"ListItem\",\"position\":2,\"name\":\"\u0130spanya\u2019da K\u00e2r Amac\u0131 G\u00fctmeyen Oturum \u0130zni\"}]},{\"@type\":\"WebSite\",\"@id\":\"https:\/\/tekcevisa.com\/tr\/#website\",\"url\":\"https:\/\/tekcevisa.com\/tr\/\",\"name\":\"Tekce Visa - Uluslararas\u0131 Hukuki Dan\u0131\u015fmanl\u0131k\",\"description\":\"Uluslararas\u0131 Hukuki Dan\u0131\u015fmanl\u0131k\",\"publisher\":{\"@id\":\"https:\/\/tekcevisa.com\/tr\/#organization\"},\"potentialAction\":[{\"@type\":\"SearchAction\",\"target\":{\"@type\":\"EntryPoint\",\"urlTemplate\":\"https:\/\/tekcevisa.com\/tr\/?s={search_term_string}\"},\"query-input\":{\"@type\":\"PropertyValueSpecification\",\"valueRequired\":true,\"valueName\":\"search_term_string\"}}],\"inLanguage\":\"tr\"},{\"@type\":\"Organization\",\"@id\":\"https:\/\/tekcevisa.com\/tr\/#organization\",\"name\":\"Tekce Visa\",\"url\":\"https:\/\/tekcevisa.com\/tr\/\",\"logo\":{\"@type\":\"ImageObject\",\"inLanguage\":\"tr\",\"@id\":\"https:\/\/tekcevisa.com\/tr\/#\/schema\/logo\/image\/\",\"url\":\"https:\/\/tekcevisa.com\/tr\/wp-content\/uploads\/2025\/08\/ah-tekce-visa-opened-1-removebg-preview.png\",\"contentUrl\":\"https:\/\/tekcevisa.com\/tr\/wp-content\/uploads\/2025\/08\/ah-tekce-visa-opened-1-removebg-preview.png\",\"width\":360,\"height\":360,\"caption\":\"Tekce Visa\"},\"image\":{\"@id\":\"https:\/\/tekcevisa.com\/tr\/#\/schema\/logo\/image\/\"},\"sameAs\":[\"https:\/\/www.instagram.com\/tekcevisa\/\"]},{\"@type\":\"Person\",\"@id\":\"https:\/\/tekcevisa.com\/tr\/#\/schema\/person\/2d2e96e0379e51d8b181bf60b52f2942\",\"name\":\"adminbayramtr\",\"image\":{\"@type\":\"ImageObject\",\"inLanguage\":\"tr\",\"@id\":\"https:\/\/tekcevisa.com\/tr\/#\/schema\/person\/image\/\",\"url\":\"https:\/\/secure.gravatar.com\/avatar\/b4d030d86004ebef13e745b1e1cb84aacfdf30b7e02619862277f1649ec3b137?s=96&d=mm&r=g\",\"contentUrl\":\"https:\/\/secure.gravatar.com\/avatar\/b4d030d86004ebef13e745b1e1cb84aacfdf30b7e02619862277f1649ec3b137?s=96&d=mm&r=g\",\"caption\":\"adminbayramtr\"}}]}<\/script>\n<!-- \/ Yoast SEO plugin. -->","yoast_head_json":{"title":"\u0130spanya\u2019da Kar Amac\u0131 G\u00fctmeyen Oturum \u0130zni - Tekce Visa","description":"\u0130spanya'da \u00e7al\u0131\u015fma izni olmadan ya\u015famak istiyorsan\u0131z, \u0130spanya'da kar amac\u0131 g\u00fctmeyen oturum izni idealdir. Daha fazla bilgi i\u00e7in g\u00f6z at\u0131n!","robots":{"index":"index","follow":"follow","max-snippet":"max-snippet:-1","max-image-preview":"max-image-preview:large","max-video-preview":"max-video-preview:-1"},"canonical":"https:\/\/tekcevisa.com\/tr\/ispanyada-kar-amaci-gutmeyen-oturum-izni\/","og_locale":"tr_TR","og_type":"article","og_title":"\u0130spanya\u2019da Kar Amac\u0131 G\u00fctmeyen Oturum \u0130zni - Tekce Visa","og_description":"\u0130spanya'da \u00e7al\u0131\u015fma izni olmadan ya\u015famak istiyorsan\u0131z, \u0130spanya'da kar amac\u0131 g\u00fctmeyen oturum izni idealdir. Daha fazla bilgi i\u00e7in g\u00f6z at\u0131n!","og_url":"https:\/\/tekcevisa.com\/tr\/ispanyada-kar-amaci-gutmeyen-oturum-izni\/","og_site_name":"Tekce Visa","article_publisher":"https:\/\/www.instagram.com\/tekcevisa\/","article_published_time":"2022-12-19T20:46:15+00:00","article_modified_time":"2023-06-06T11:32:12+00:00","og_image":[{"width":1024,"height":1024,"url":"https:\/\/tekcevisa.com\/tr\/wp-content\/uploads\/2022\/12\/Non-lucreative-in-spain-kare-1024x1024-1.jpeg","type":"image\/jpeg"}],"author":"adminbayramtr","twitter_card":"summary_large_image","twitter_misc":{"Yazan:":"adminbayramtr","Tahmini okuma s\u00fcresi":"5 dakika"},"schema":{"@context":"https:\/\/schema.org","@graph":[{"@type":"Article","@id":"https:\/\/tekcevisa.com\/tr\/ispanyada-kar-amaci-gutmeyen-oturum-izni\/#article","isPartOf":{"@id":"https:\/\/tekcevisa.com\/tr\/ispanyada-kar-amaci-gutmeyen-oturum-izni\/"},"author":{"name":"adminbayramtr","@id":"https:\/\/tekcevisa.com\/tr\/#\/schema\/person\/2d2e96e0379e51d8b181bf60b52f2942"},"headline":"\u0130spanya\u2019da K\u00e2r Amac\u0131 G\u00fctmeyen Oturum \u0130zni","datePublished":"2022-12-19T20:46:15+00:00","dateModified":"2023-06-06T11:32:12+00:00","mainEntityOfPage":{"@id":"https:\/\/tekcevisa.com\/tr\/ispanyada-kar-amaci-gutmeyen-oturum-izni\/"},"wordCount":953,"commentCount":0,"publisher":{"@id":"https:\/\/tekcevisa.com\/tr\/#organization"},"image":{"@id":"https:\/\/tekcevisa.com\/tr\/ispanyada-kar-amaci-gutmeyen-oturum-izni\/#primaryimage"},"thumbnailUrl":"https:\/\/tekcevisa.com\/tr\/wp-content\/uploads\/2022\/12\/Non-lucreative-in-spain-kare-1024x1024-1.jpeg","articleSection":["Oturum \u0130zni"],"inLanguage":"tr","potentialAction":[{"@type":"CommentAction","name":"Comment","target":["https:\/\/tekcevisa.com\/tr\/ispanyada-kar-amaci-gutmeyen-oturum-izni\/#respond"]}]},{"@type":"WebPage","@id":"https:\/\/tekcevisa.com\/tr\/ispanyada-kar-amaci-gutmeyen-oturum-izni\/","url":"https:\/\/tekcevisa.com\/tr\/ispanyada-kar-amaci-gutmeyen-oturum-izni\/","name":"\u0130spanya\u2019da Kar Amac\u0131 G\u00fctmeyen Oturum \u0130zni - Tekce Visa","isPartOf":{"@id":"https:\/\/tekcevisa.com\/tr\/#website"},"primaryImageOfPage":{"@id":"https:\/\/tekcevisa.com\/tr\/ispanyada-kar-amaci-gutmeyen-oturum-izni\/#primaryimage"},"image":{"@id":"https:\/\/tekcevisa.com\/tr\/ispanyada-kar-amaci-gutmeyen-oturum-izni\/#primaryimage"},"thumbnailUrl":"https:\/\/tekcevisa.com\/tr\/wp-content\/uploads\/2022\/12\/Non-lucreative-in-spain-kare-1024x1024-1.jpeg","datePublished":"2022-12-19T20:46:15+00:00","dateModified":"2023-06-06T11:32:12+00:00","description":"\u0130spanya'da \u00e7al\u0131\u015fma izni olmadan ya\u015famak istiyorsan\u0131z, \u0130spanya'da kar amac\u0131 g\u00fctmeyen oturum izni idealdir. Daha fazla bilgi i\u00e7in g\u00f6z at\u0131n!","breadcrumb":{"@id":"https:\/\/tekcevisa.com\/tr\/ispanyada-kar-amaci-gutmeyen-oturum-izni\/#breadcrumb"},"inLanguage":"tr","potentialAction":[{"@type":"ReadAction","target":["https:\/\/tekcevisa.com\/tr\/ispanyada-kar-amaci-gutmeyen-oturum-izni\/"]}]},{"@type":"ImageObject","inLanguage":"tr","@id":"https:\/\/tekcevisa.com\/tr\/ispanyada-kar-amaci-gutmeyen-oturum-izni\/#primaryimage","url":"https:\/\/tekcevisa.com\/tr\/wp-content\/uploads\/2022\/12\/Non-lucreative-in-spain-kare-1024x1024-1.jpeg","contentUrl":"https:\/\/tekcevisa.com\/tr\/wp-content\/uploads\/2022\/12\/Non-lucreative-in-spain-kare-1024x1024-1.jpeg","width":1024,"height":1024},{"@type":"BreadcrumbList","@id":"https:\/\/tekcevisa.com\/tr\/ispanyada-kar-amaci-gutmeyen-oturum-izni\/#breadcrumb","itemListElement":[{"@type":"ListItem","position":1,"name":"Ana Sayfa","item":"https:\/\/tekcevisa.com\/tr\/"},{"@type":"ListItem","position":2,"name":"\u0130spanya\u2019da K\u00e2r Amac\u0131 G\u00fctmeyen Oturum \u0130zni"}]},{"@type":"WebSite","@id":"https:\/\/tekcevisa.com\/tr\/#website","url":"https:\/\/tekcevisa.com\/tr\/","name":"Tekce Visa - Uluslararas\u0131 Hukuki Dan\u0131\u015fmanl\u0131k","description":"Uluslararas\u0131 Hukuki Dan\u0131\u015fmanl\u0131k","publisher":{"@id":"https:\/\/tekcevisa.com\/tr\/#organization"},"potentialAction":[{"@type":"SearchAction","target":{"@type":"EntryPoint","urlTemplate":"https:\/\/tekcevisa.com\/tr\/?s={search_term_string}"},"query-input":{"@type":"PropertyValueSpecification","valueRequired":true,"valueName":"search_term_string"}}],"inLanguage":"tr"},{"@type":"Organization","@id":"https:\/\/tekcevisa.com\/tr\/#organization","name":"Tekce Visa","url":"https:\/\/tekcevisa.com\/tr\/","logo":{"@type":"ImageObject","inLanguage":"tr","@id":"https:\/\/tekcevisa.com\/tr\/#\/schema\/logo\/image\/","url":"https:\/\/tekcevisa.com\/tr\/wp-content\/uploads\/2025\/08\/ah-tekce-visa-opened-1-removebg-preview.png","contentUrl":"https:\/\/tekcevisa.com\/tr\/wp-content\/uploads\/2025\/08\/ah-tekce-visa-opened-1-removebg-preview.png","width":360,"height":360,"caption":"Tekce Visa"},"image":{"@id":"https:\/\/tekcevisa.com\/tr\/#\/schema\/logo\/image\/"},"sameAs":["https:\/\/www.instagram.com\/tekcevisa\/"]},{"@type":"Person","@id":"https:\/\/tekcevisa.com\/tr\/#\/schema\/person\/2d2e96e0379e51d8b181bf60b52f2942","name":"adminbayramtr","image":{"@type":"ImageObject","inLanguage":"tr","@id":"https:\/\/tekcevisa.com\/tr\/#\/schema\/person\/image\/","url":"https:\/\/secure.gravatar.com\/avatar\/b4d030d86004ebef13e745b1e1cb84aacfdf30b7e02619862277f1649ec3b137?s=96&d=mm&r=g","contentUrl":"https:\/\/secure.gravatar.com\/avatar\/b4d030d86004ebef13e745b1e1cb84aacfdf30b7e02619862277f1649ec3b137?s=96&d=mm&r=g","caption":"adminbayramtr"}}]}},"_links":{"self":[{"href":"https:\/\/tekcevisa.com\/tr\/wp-json\/wp\/v2\/posts\/514","targetHints":{"allow":["GET"]}}],"collection":[{"href":"https:\/\/tekcevisa.com\/tr\/wp-json\/wp\/v2\/posts"}],"about":[{"href":"https:\/\/tekcevisa.com\/tr\/wp-json\/wp\/v2\/types\/post"}],"author":[{"embeddable":true,"href":"https:\/\/tekcevisa.com\/tr\/wp-json\/wp\/v2\/users\/6"}],"replies":[{"embeddable":true,"href":"https:\/\/tekcevisa.com\/tr\/wp-json\/wp\/v2\/comments?post=514"}],"version-history":[{"count":6,"href":"https:\/\/tekcevisa.com\/tr\/wp-json\/wp\/v2\/posts\/514\/revisions"}],"predecessor-version":[{"id":5006,"href":"https:\/\/tekcevisa.com\/tr\/wp-json\/wp\/v2\/posts\/514\/revisions\/5006"}],"wp:featuredmedia":[{"embeddable":true,"href":"https:\/\/tekcevisa.com\/tr\/wp-json\/wp\/v2\/media\/4700"}],"wp:attachment":[{"href":"https:\/\/tekcevisa.com\/tr\/wp-json\/wp\/v2\/media?parent=514"}],"wp:term":[{"taxonomy":"category","embeddable":true,"href":"https:\/\/tekcevisa.com\/tr\/wp-json\/wp\/v2\/categories?post=514"},{"taxonomy":"post_tag","embeddable":true,"href":"https:\/\/tekcevisa.com\/tr\/wp-json\/wp\/v2\/tags?post=514"}],"curies":[{"name":"wp","href":"https:\/\/api.w.org\/{rel}","templated":true}]}}