{"id":5527,"date":"2025-09-11T15:46:39","date_gmt":"2025-09-11T12:46:39","guid":{"rendered":"https:\/\/tekcevisa.com\/tr\/?p=5527"},"modified":"2025-09-11T15:46:39","modified_gmt":"2025-09-11T12:46:39","slug":"ispanyada-kac-kisi-dijital-gocebe-vizesi-aldi","status":"publish","type":"post","link":"https:\/\/tekcevisa.com\/tr\/ispanyada-kac-kisi-dijital-gocebe-vizesi-aldi\/","title":{"rendered":"\u0130spanya\u2019da Ka\u00e7 Ki\u015fi Dijital G\u00f6\u00e7ebe Vizesi Ald\u0131?"},"content":{"rendered":"<div id=\"ez-toc-container\" class=\"ez-toc-v2_0_62 counter-hierarchy ez-toc-counter ez-toc-transparent ez-toc-container-direction\">\n<div class=\"ez-toc-title-container\">\n<p class=\"ez-toc-title \" >\u0130&ccedil;indekiler<\/p>\n<span class=\"ez-toc-title-toggle\"><\/span><\/div>\n<nav><ul class='ez-toc-list ez-toc-list-level-1 ' ><li class='ez-toc-page-1 ez-toc-heading-level-2'><a class=\"ez-toc-link ez-toc-heading-1\" href=\"https:\/\/tekcevisa.com\/tr\/ispanyada-kac-kisi-dijital-gocebe-vizesi-aldi\/#Ispanyada_Kac_Kisi_Dijital_Gocebe_Vizesi_Aldi_2025te_Guncel_Durum\" title=\"\u0130spanya\u2019da Ka\u00e7 Ki\u015fi Dijital G\u00f6\u00e7ebe Vizesi Ald\u0131? 2025\u2019te G\u00fcncel Durum\">\u0130spanya\u2019da Ka\u00e7 Ki\u015fi Dijital G\u00f6\u00e7ebe Vizesi Ald\u0131? 2025\u2019te G\u00fcncel Durum<\/a><\/li><li class='ez-toc-page-1 ez-toc-heading-level-2'><a class=\"ez-toc-link ez-toc-heading-2\" href=\"https:\/\/tekcevisa.com\/tr\/ispanyada-kac-kisi-dijital-gocebe-vizesi-aldi\/#Ispanya_Dijital_Gocebe_Vizesi_Ne_Kadar_Talep_Gordu\" title=\"\u0130spanya Dijital G\u00f6\u00e7ebe Vizesi Ne Kadar Talep G\u00f6rd\u00fc?\">\u0130spanya Dijital G\u00f6\u00e7ebe Vizesi Ne Kadar Talep G\u00f6rd\u00fc?<\/a><\/li><li class='ez-toc-page-1 ez-toc-heading-level-2'><a class=\"ez-toc-link ez-toc-heading-3\" href=\"https:\/\/tekcevisa.com\/tr\/ispanyada-kac-kisi-dijital-gocebe-vizesi-aldi\/#Kimler_Bu_Vizeden_Yararlaniyor\" title=\"Kimler Bu Vizeden Yararlan\u0131yor?\">Kimler Bu Vizeden Yararlan\u0131yor?<\/a><\/li><li class='ez-toc-page-1 ez-toc-heading-level-2'><a class=\"ez-toc-link ez-toc-heading-4\" href=\"https:\/\/tekcevisa.com\/tr\/ispanyada-kac-kisi-dijital-gocebe-vizesi-aldi\/#2025_Yili_Icin_Ispanya_Dijital_Gocebe_Vizesi_Sartlari\" title=\"2025 Y\u0131l\u0131 \u0130\u00e7in \u0130spanya Dijital G\u00f6\u00e7ebe Vizesi \u015eartlar\u0131\">2025 Y\u0131l\u0131 \u0130\u00e7in \u0130spanya Dijital G\u00f6\u00e7ebe Vizesi \u015eartlar\u0131<\/a><\/li><li class='ez-toc-page-1 ez-toc-heading-level-2'><a class=\"ez-toc-link ez-toc-heading-5\" href=\"https:\/\/tekcevisa.com\/tr\/ispanyada-kac-kisi-dijital-gocebe-vizesi-aldi\/#Neden_Bu_Kadar_Cok_Tercih_Ediliyor\" title=\"Neden Bu Kadar \u00c7ok Tercih Ediliyor?\">Neden Bu Kadar \u00c7ok Tercih Ediliyor?<\/a><\/li><li class='ez-toc-page-1 ez-toc-heading-level-2'><a class=\"ez-toc-link ez-toc-heading-6\" href=\"https:\/\/tekcevisa.com\/tr\/ispanyada-kac-kisi-dijital-gocebe-vizesi-aldi\/#Diger_Ulkelerle_Karsilastirma\" title=\"Di\u011fer \u00dclkelerle Kar\u015f\u0131la\u015ft\u0131rma\">Di\u011fer \u00dclkelerle Kar\u015f\u0131la\u015ft\u0131rma<\/a><\/li><li class='ez-toc-page-1 ez-toc-heading-level-2'><a class=\"ez-toc-link ez-toc-heading-7\" href=\"https:\/\/tekcevisa.com\/tr\/ispanyada-kac-kisi-dijital-gocebe-vizesi-aldi\/#Ispanyada_Dijital_Gocebe_Olarak_Yasamak\" title=\"\u0130spanya&#8217;da Dijital G\u00f6\u00e7ebe Olarak Ya\u015famak\">\u0130spanya&#8217;da Dijital G\u00f6\u00e7ebe Olarak Ya\u015famak<\/a><\/li><\/ul><\/nav><\/div>\n<h2><span class=\"ez-toc-section\" id=\"Ispanyada_Kac_Kisi_Dijital_Gocebe_Vizesi_Aldi_2025te_Guncel_Durum\"><\/span>\u0130spanya\u2019da Ka\u00e7 Ki\u015fi Dijital G\u00f6\u00e7ebe Vizesi Ald\u0131? 2025\u2019te G\u00fcncel Durum<span class=\"ez-toc-section-end\"><\/span><\/h2>\n<p><span style=\"font-weight: 400;\">\u0130spanya, 2023\u2019\u00fcn ba\u015f\u0131nda dijital g\u00f6\u00e7ebeler i\u00e7in \u00f6zel bir vize program\u0131 ba\u015flatt\u0131\u011f\u0131nda, d\u00fcnya genelinde uzaktan \u00e7al\u0131\u015fanlar aras\u0131nda b\u00fcy\u00fck heyecan yaratm\u0131\u015ft\u0131. G\u00fcne\u015fli havas\u0131, zengin k\u00fclt\u00fcr\u00fc ve Avrupa\u2019n\u0131n g\u00f6be\u011finde ya\u015fama imk\u00e2n\u0131 sunmas\u0131yla dikkat \u00e7eken bu vize, k\u0131sa s\u00fcrede \u201cg\u00f6\u00e7ebe cenneti\u201d arayanlar\u0131n radar\u0131na girdi. Peki bug\u00fcne kadar ka\u00e7 ki\u015fi bu vizeyi ald\u0131? \u0130spanya\u2019daki dijital g\u00f6\u00e7ebe n\u00fcfusu ne durumda? \u0130\u015fte 2025 itibar\u0131yla en g\u00fcncel bilgiler.<\/span><\/p>\n<h2><span class=\"ez-toc-section\" id=\"Ispanya_Dijital_Gocebe_Vizesi_Ne_Kadar_Talep_Gordu\"><\/span>\u0130spanya Dijital G\u00f6\u00e7ebe Vizesi Ne Kadar Talep G\u00f6rd\u00fc?<span class=\"ez-toc-section-end\"><\/span><\/h2>\n<p><span style=\"font-weight: 400;\">\u0130spanya G\u00f6\u00e7menlik G\u00f6zlemevi verilerine g\u00f6re, 2024 sonu itibar\u0131yla toplam 27.875 ki\u015fi dijital g\u00f6\u00e7ebe vizesi ald\u0131. Bu say\u0131ya ana ba\u015fvuru sahipleri (14.255 ki\u015fi) ile birlikte e\u015fleri, \u00e7ocuklar\u0131 ve bak\u0131ma muhta\u00e7 aile bireyleri de dahil (13.620 ki\u015fi). 2023 sonunda bu say\u0131 sadece 9.568 idi; yani vize program\u0131 sadece bir y\u0131lda neredeyse \u00fc\u00e7 kat b\u00fcy\u00fcd\u00fc. Bu da \u0130spanya\u2019daki dijital g\u00f6\u00e7ebe say\u0131s\u0131n\u0131n h\u0131zla artt\u0131\u011f\u0131n\u0131 net bi\u00e7imde g\u00f6steriyor.<\/span><\/p>\n<p><img decoding=\"async\" class=\"alignnone size-medium wp-image-5529 alignright\" src=\"https:\/\/tekcevisa.com\/tr\/wp-content\/uploads\/2025\/09\/02-300x300.webp\" alt=\"\" width=\"300\" height=\"300\" srcset=\"https:\/\/tekcevisa.com\/tr\/wp-content\/uploads\/2025\/09\/02-300x300.webp 300w, https:\/\/tekcevisa.com\/tr\/wp-content\/uploads\/2025\/09\/02-150x150.webp 150w, https:\/\/tekcevisa.com\/tr\/wp-content\/uploads\/2025\/09\/02-146x146.webp 146w, https:\/\/tekcevisa.com\/tr\/wp-content\/uploads\/2025\/09\/02-50x50.webp 50w, https:\/\/tekcevisa.com\/tr\/wp-content\/uploads\/2025\/09\/02-75x75.webp 75w, https:\/\/tekcevisa.com\/tr\/wp-content\/uploads\/2025\/09\/02-85x85.webp 85w, https:\/\/tekcevisa.com\/tr\/wp-content\/uploads\/2025\/09\/02-80x80.webp 80w, https:\/\/tekcevisa.com\/tr\/wp-content\/uploads\/2025\/09\/02.webp 360w\" sizes=\"(max-width: 300px) 100vw, 300px\" \/><\/p>\n<h2><span class=\"ez-toc-section\" id=\"Kimler_Bu_Vizeden_Yararlaniyor\"><\/span>Kimler Bu Vizeden Yararlan\u0131yor?<span class=\"ez-toc-section-end\"><\/span><\/h2>\n<p><span style=\"font-weight: 400;\">Verilere g\u00f6re dijital g\u00f6\u00e7ebe vizesi sahiplerinin %60\u2019\u0131 Avrupa Birli\u011fi d\u0131\u015f\u0131ndaki Avrupa \u00fclkelerinden geliyor. \u00d6zellikle \u0130ngiltere\u2019den b\u00fcy\u00fck ilgi var \u00e7\u00fcnk\u00fc Brexit sonras\u0131 \u0130ngiliz vatanda\u015flar\u0131n\u0131n \u0130spanya\u2019ya ta\u015f\u0131nmas\u0131 art\u0131k bu vize t\u00fcr\u00fcyle m\u00fcmk\u00fcn hale geldi.<\/span><\/p>\n<p><span style=\"font-weight: 400;\">Latin Amerika\u2019dan gelen ba\u015fvurular da %17 ile ikinci s\u0131rada. ABD vatanda\u015flar\u0131 i\u00e7in dijital g\u00f6\u00e7ebe vizesi \u0130spanya\u2019da giderek daha pop\u00fcler hale geliyor. %12\u2019lik bir dilim ise Kuzey Amerika k\u00f6kenli.<\/span><\/p>\n<h2><span class=\"ez-toc-section\" id=\"2025_Yili_Icin_Ispanya_Dijital_Gocebe_Vizesi_Sartlari\"><\/span>2025 Y\u0131l\u0131 \u0130\u00e7in \u0130spanya Dijital G\u00f6\u00e7ebe Vizesi \u015eartlar\u0131<span class=\"ez-toc-section-end\"><\/span><\/h2>\n<p><span style=\"font-weight: 400;\">2025 itibar\u0131yla bu vizeye ba\u015fvurmak isteyenler i\u00e7in baz\u0131 g\u00fcncellemeler yap\u0131ld\u0131. En \u00f6nemli kriterlerden biri, \u0130spanya dijital g\u00f6\u00e7ebe vizesi i\u00e7in minimum gelir d\u00fczeyidir. Ba\u015fvuru sahibi, ayda en az 2.700 euro kazanmal\u0131. Ailesiyle gelmek isteyenler i\u00e7in bu rakam art\u0131yor. \u00d6rne\u011fin, e\u015f i\u00e7in ek olarak 1.000 euro, \u00e7ocuk ba\u015f\u0131na ise yakla\u015f\u0131k 335 euro daha talep ediliyor.<\/span><\/p>\n<p><span style=\"font-weight: 400;\">Ba\u015fvuru sahiplerinin ayr\u0131ca a\u015fa\u011f\u0131dakileri belgelemesi gerekiyor:<\/span><\/p>\n<ul>\n<li style=\"font-weight: 400;\" aria-level=\"1\"><span style=\"font-weight: 400;\">En az \u00fc\u00e7 ayd\u0131r \u00e7al\u0131\u015f\u0131yor olmak ve ayn\u0131 i\u015fverenle s\u00f6zle\u015fmeye sahip olmak<\/span><span style=\"font-weight: 400;\">\n<p><\/span><\/li>\n<li style=\"font-weight: 400;\" aria-level=\"1\"><span style=\"font-weight: 400;\">Uzaktan \u00e7al\u0131\u015fmaya uygun bir meslek icra etmek<\/span><span style=\"font-weight: 400;\">\n<p><\/span><\/li>\n<li style=\"font-weight: 400;\" aria-level=\"1\"><span style=\"font-weight: 400;\">Yurtd\u0131\u015f\u0131ndaki bir \u015firkete ba\u011fl\u0131 ya da serbest \u00e7al\u0131\u015fan olmak<\/span><span style=\"font-weight: 400;\">\n<p><\/span><\/li>\n<li style=\"font-weight: 400;\" aria-level=\"1\"><span style=\"font-weight: 400;\">Sab\u0131ka kayd\u0131n\u0131n temiz olmas\u0131<\/span><span style=\"font-weight: 400;\">\n<p><\/span><\/li>\n<li style=\"font-weight: 400;\" aria-level=\"1\"><span style=\"font-weight: 400;\">\u0130spanya\u2019da ge\u00e7erli kapsaml\u0131 bir \u00f6zel sa\u011fl\u0131k sigortas\u0131na sahip olmak<\/span><span style=\"font-weight: 400;\">\n<p><\/span><\/li>\n<\/ul>\n<h3>Peki Ya K\u0131s\u0131tlamalar?<\/h3>\n<p><span style=\"font-weight: 400;\">Dijital g\u00f6\u00e7ebe vizesine gelen yeni \u015fartlar son d\u00f6nemde s\u0131k\u0131la\u015fmaya ba\u015flad\u0131. \u00d6zellikle giri\u015fimciler i\u00e7in, \u015firket sahipli\u011fi belgeleri, vergi beyannameleri ve m\u00fc\u015fteri kontratlar\u0131 isteniyor. Bu durum baz\u0131 ba\u015fvuru sahiplerinin i\u015fini zorla\u015ft\u0131rd\u0131. Bu nedenle \u0130spanya dijital g\u00f6\u00e7ebe vizesi d\u00fczenlemeleri s\u0131k\u0131 takip edilmeli.<\/span><\/p>\n<p><img decoding=\"async\" class=\"size-medium wp-image-5530 alignright\" src=\"https:\/\/tekcevisa.com\/tr\/wp-content\/uploads\/2025\/09\/01-300x300.webp\" alt=\"\" width=\"300\" height=\"300\" srcset=\"https:\/\/tekcevisa.com\/tr\/wp-content\/uploads\/2025\/09\/01-300x300.webp 300w, https:\/\/tekcevisa.com\/tr\/wp-content\/uploads\/2025\/09\/01-150x150.webp 150w, https:\/\/tekcevisa.com\/tr\/wp-content\/uploads\/2025\/09\/01-146x146.webp 146w, https:\/\/tekcevisa.com\/tr\/wp-content\/uploads\/2025\/09\/01-50x50.webp 50w, https:\/\/tekcevisa.com\/tr\/wp-content\/uploads\/2025\/09\/01-75x75.webp 75w, https:\/\/tekcevisa.com\/tr\/wp-content\/uploads\/2025\/09\/01-85x85.webp 85w, https:\/\/tekcevisa.com\/tr\/wp-content\/uploads\/2025\/09\/01-80x80.webp 80w, https:\/\/tekcevisa.com\/tr\/wp-content\/uploads\/2025\/09\/01.webp 360w\" sizes=\"(max-width: 300px) 100vw, 300px\" \/><\/p>\n<h2><span class=\"ez-toc-section\" id=\"Neden_Bu_Kadar_Cok_Tercih_Ediliyor\"><\/span>Neden Bu Kadar \u00c7ok Tercih Ediliyor?<span class=\"ez-toc-section-end\"><\/span><\/h2>\n<p><span style=\"font-weight: 400;\">Dijital g\u00f6\u00e7ebe vizesi, \u00f6zellikle pandemi sonras\u0131 uzaktan \u00e7al\u0131\u015fma trendinin y\u00fckselmesiyle daha fazla ki\u015finin ilgisini \u00e7ekiyor. \u0130spanya, uygun maliyetleri, kaliteli sa\u011fl\u0131k hizmetleri ve ya\u015fam kalitesiyle dijital g\u00f6\u00e7ebeler i\u00e7in cazip bir destinasyon haline geldi. Vize ba\u015fvurular\u0131ndaki art\u0131\u015f, bu yeni ya\u015fam tarz\u0131na duyulan ilgiyi ve \u0130spanya\u2019n\u0131n bu alandaki f\u0131rsatlar\u0131n\u0131 g\u00f6steriyor.<\/span><\/p>\n<p><span style=\"font-weight: 400;\">Bu vize sayesinde uzun s\u00fcre \u0130spanya\u2019da yasal olarak kalmak m\u00fcmk\u00fcn oluyor ve bu da sadece tatil de\u011fil, kal\u0131c\u0131 bir ya\u015fam kurmak isteyenler i\u00e7in \u00f6nemli bir avantaj sa\u011fl\u0131yor. G\u00fcncel yasal d\u00fczenlemeler ve ba\u015fvuru say\u0131lar\u0131 hakk\u0131nda en do\u011fru bilgiyi resmi kaynaklardan takip etmek \u00f6nemli. Ayr\u0131ca, uzmanlardan destek almak da i\u015flemleri daha kolay ve h\u0131zl\u0131 hale getirebiliyor.<\/span><\/p>\n<p><span style=\"font-weight: 400;\">\u0130spanya dijital g\u00f6\u00e7ebe vizesi, hem vergi avantajlar\u0131 hem de sundu\u011fu sosyal imkanlar nedeniyle tercih ediliyor. Bu f\u0131rsatlar\u0131 de\u011ferlendirerek, \u0130spanya\u2019da hem \u00e7al\u0131\u015f\u0131p hem de kaliteli bir ya\u015fam s\u00fcrmek isteyenler i\u00e7in ideal bir kap\u0131 aralan\u0131yor.<\/span><\/p>\n<h2><span class=\"ez-toc-section\" id=\"Diger_Ulkelerle_Karsilastirma\"><\/span>Di\u011fer \u00dclkelerle Kar\u015f\u0131la\u015ft\u0131rma<span class=\"ez-toc-section-end\"><\/span><\/h2>\n<p><span style=\"font-weight: 400;\">\u0130spanya, dijital g\u00f6\u00e7ebeler i\u00e7in en pop\u00fcler \u00fclkelerden biri. VisaGuide raporuna g\u00f6re, 2025 itibar\u0131yla, \u0130spanya dijital g\u00f6\u00e7ebe vizesi masraflar\u0131, sa\u011fl\u0131k hizmetleri ve d\u00fc\u015f\u00fck gelir gereksinimi gibi avantajlarla d\u00fcnyan\u0131n en iyi dijital g\u00f6\u00e7ebe destinasyonu se\u00e7ildi.<\/span><\/p>\n<p><b>Peki di\u011fer \u00fclkeler ne durumda?<\/b><\/p>\n<ul>\n<li style=\"font-weight: 400;\" aria-level=\"1\"><b>Portekiz:<\/b><span style=\"font-weight: 400;\"> Daha esnek vize kurallar\u0131, ancak biraz daha y\u00fcksek ya\u015fam maliyetleri<\/span><span style=\"font-weight: 400;\">\n<p><\/span><\/li>\n<li style=\"font-weight: 400;\" aria-level=\"1\"><b>H\u0131rvatistan:<\/b><span style=\"font-weight: 400;\"> Yeni ama g\u00fc\u00e7l\u00fc bir dijital g\u00f6\u00e7ebe toplulu\u011fu<\/span><span style=\"font-weight: 400;\">\n<p><\/span><\/li>\n<li style=\"font-weight: 400;\" aria-level=\"1\"><b>Macaristan:<\/b><span style=\"font-weight: 400;\"> Uygun ya\u015fam giderleri ama b\u00fcrokratik s\u00fcre\u00e7 daha karma\u015f\u0131k<\/span><span style=\"font-weight: 400;\">\n<p><\/span><\/li>\n<\/ul>\n<p><span style=\"font-weight: 400;\">K\u0131sacas\u0131, AB d\u0131\u015f\u0131ndaki \u00fclke vatanda\u015flar\u0131 i\u00e7in \u0130spanya dijital g\u00f6\u00e7ebe vizesi halen en cazip se\u00e7eneklerden biri. Halihaz\u0131rda AB vatanda\u015flar\u0131 i\u00e7in dijital g\u00f6\u00e7ebe vizesi gerekmiyor; onlar zaten serbest dola\u015f\u0131mdan yararlanabiliyor.<\/span><\/p>\n<h2><span class=\"ez-toc-section\" id=\"Ispanyada_Dijital_Gocebe_Olarak_Yasamak\"><\/span>\u0130spanya&#8217;da Dijital G\u00f6\u00e7ebe Olarak Ya\u015famak<span class=\"ez-toc-section-end\"><\/span><\/h2>\n<p><span style=\"font-weight: 400;\">\u0130spanya&#8217;da ya\u015fanacak en iyi yerler aras\u0131nda Barselona, Alicante, Malaga ve Murcia \u00f6ne \u00e7\u0131k\u0131yor. Hem internet altyap\u0131s\u0131 hem topluluk yap\u0131s\u0131 g\u00fc\u00e7l\u00fc. Bu vize, \u0130spanya\u2019da oturum hakk\u0131 i\u00e7in bir kap\u0131 a\u00e7arken, ayn\u0131 zamanda bu ya\u015fam tarz\u0131n\u0131 uzun vadeli hale getiriyor.<\/span><\/p>\n<h3>\u015eimdi S\u0131ra Sizde!<\/h3>\n<p><span style=\"font-weight: 400;\">\u0130spanya\u2019n\u0131n dijital g\u00f6\u00e7ebe vizesi, size sadece bir seyahat de\u011fil, yepyeni bir hayat f\u0131rsat\u0131 sunuyor. E\u011fer uzaktan \u00e7al\u0131\u015f\u0131yorsan\u0131z, s\u0131cak bir iklim, zengin bir k\u00fclt\u00fcr ve huzurlu bir ya\u015fam sizi bekliyor.<\/span><span style=\"font-weight: 400;\"><br \/>\n<\/span><span style=\"font-weight: 400;\">\u0130spanya dijital g\u00f6\u00e7ebe vizesi i\u00e7in ba\u015fvurunuzu yap\u0131n ve hayalinizdeki hayat\u0131 kurmaya bug\u00fcnden ba\u015flay\u0131n!<\/span><\/p>\n","protected":false},"excerpt":{"rendered":"<p>\u0130spanya\u2019da Ka\u00e7 Ki\u015fi Dijital G\u00f6\u00e7ebe Vizesi Ald\u0131? 2025\u2019te G\u00fcncel Durum<span class=\"excerpt-hellip\"> [\u2026]<\/span><\/p>\n","protected":false},"author":8,"featured_media":5528,"comment_status":"open","ping_status":"open","sticky":false,"template":"","format":"standard","meta":{"footnotes":""},"categories":[4],"tags":[],"class_list":["post-5527","post","type-post","status-publish","format-standard","has-post-thumbnail","hentry","category-ispanyada-yasam"],"yoast_head":"<!-- This site is optimized with the Yoast SEO plugin v24.2 - https:\/\/yoast.com\/wordpress\/plugins\/seo\/ -->\n<title>2025 \u0130spanya Dijital G\u00f6\u00e7ebe Vizes<\/title>\n<meta name=\"description\" content=\"2025\u2019te \u0130spanya dijital g\u00f6\u00e7ebe vizesine olan talep h\u0131zla art\u0131yor. Ba\u015fvuru rakamlar\u0131 ve neden bu vizenin bu kadar tercih edildi\u011fini \u00f6\u011frenin!\" \/>\n<meta name=\"robots\" content=\"index, follow, max-snippet:-1, max-image-preview:large, max-video-preview:-1\" \/>\n<link rel=\"canonical\" href=\"https:\/\/tekcevisa.com\/tr\/ispanyada-kac-kisi-dijital-gocebe-vizesi-aldi\/\" \/>\n<meta property=\"og:locale\" content=\"tr_TR\" \/>\n<meta property=\"og:type\" content=\"article\" \/>\n<meta property=\"og:title\" content=\"2025 \u0130spanya Dijital G\u00f6\u00e7ebe Vizes\" \/>\n<meta property=\"og:description\" content=\"2025\u2019te \u0130spanya dijital g\u00f6\u00e7ebe vizesine olan talep h\u0131zla art\u0131yor. Ba\u015fvuru rakamlar\u0131 ve neden bu vizenin bu kadar tercih edildi\u011fini \u00f6\u011frenin!\" \/>\n<meta property=\"og:url\" content=\"https:\/\/tekcevisa.com\/tr\/ispanyada-kac-kisi-dijital-gocebe-vizesi-aldi\/\" \/>\n<meta property=\"og:site_name\" content=\"Tekce Visa\" \/>\n<meta property=\"article:publisher\" content=\"https:\/\/www.instagram.com\/tekcevisa\/\" \/>\n<meta property=\"article:published_time\" content=\"2025-09-11T12:46:39+00:00\" \/>\n<meta property=\"og:image\" content=\"https:\/\/tekcevisa.com\/tr\/wp-content\/uploads\/2025\/09\/dn-spain-5t.webp\" \/>\n\t<meta property=\"og:image:width\" content=\"360\" \/>\n\t<meta property=\"og:image:height\" content=\"280\" \/>\n\t<meta property=\"og:image:type\" content=\"image\/webp\" \/>\n<meta name=\"author\" content=\"Murat Alsancak\" \/>\n<meta name=\"twitter:card\" content=\"summary_large_image\" \/>\n<meta name=\"twitter:label1\" content=\"Yazan:\" \/>\n\t<meta name=\"twitter:data1\" content=\"Murat Alsancak\" \/>\n\t<meta name=\"twitter:label2\" content=\"Tahmini okuma s\u00fcresi\" \/>\n\t<meta name=\"twitter:data2\" content=\"5 dakika\" \/>\n<script type=\"application\/ld+json\" class=\"yoast-schema-graph\">{\"@context\":\"https:\/\/schema.org\",\"@graph\":[{\"@type\":\"Article\",\"@id\":\"https:\/\/tekcevisa.com\/tr\/ispanyada-kac-kisi-dijital-gocebe-vizesi-aldi\/#article\",\"isPartOf\":{\"@id\":\"https:\/\/tekcevisa.com\/tr\/ispanyada-kac-kisi-dijital-gocebe-vizesi-aldi\/\"},\"author\":{\"name\":\"Murat Alsancak\",\"@id\":\"https:\/\/tekcevisa.com\/tr\/#\/schema\/person\/03384b5056b7fa25673aef16a0ebf383\"},\"headline\":\"\u0130spanya\u2019da Ka\u00e7 Ki\u015fi Dijital G\u00f6\u00e7ebe Vizesi Ald\u0131?\",\"datePublished\":\"2025-09-11T12:46:39+00:00\",\"dateModified\":\"2025-09-11T12:46:39+00:00\",\"mainEntityOfPage\":{\"@id\":\"https:\/\/tekcevisa.com\/tr\/ispanyada-kac-kisi-dijital-gocebe-vizesi-aldi\/\"},\"wordCount\":940,\"commentCount\":0,\"publisher\":{\"@id\":\"https:\/\/tekcevisa.com\/tr\/#organization\"},\"image\":{\"@id\":\"https:\/\/tekcevisa.com\/tr\/ispanyada-kac-kisi-dijital-gocebe-vizesi-aldi\/#primaryimage\"},\"thumbnailUrl\":\"https:\/\/tekcevisa.com\/tr\/wp-content\/uploads\/2025\/09\/dn-spain-5t.webp\",\"articleSection\":[\"\u0130spanya'da Ya\u015fam\"],\"inLanguage\":\"tr\",\"potentialAction\":[{\"@type\":\"CommentAction\",\"name\":\"Comment\",\"target\":[\"https:\/\/tekcevisa.com\/tr\/ispanyada-kac-kisi-dijital-gocebe-vizesi-aldi\/#respond\"]}]},{\"@type\":\"WebPage\",\"@id\":\"https:\/\/tekcevisa.com\/tr\/ispanyada-kac-kisi-dijital-gocebe-vizesi-aldi\/\",\"url\":\"https:\/\/tekcevisa.com\/tr\/ispanyada-kac-kisi-dijital-gocebe-vizesi-aldi\/\",\"name\":\"2025 \u0130spanya Dijital G\u00f6\u00e7ebe Vizes\",\"isPartOf\":{\"@id\":\"https:\/\/tekcevisa.com\/tr\/#website\"},\"primaryImageOfPage\":{\"@id\":\"https:\/\/tekcevisa.com\/tr\/ispanyada-kac-kisi-dijital-gocebe-vizesi-aldi\/#primaryimage\"},\"image\":{\"@id\":\"https:\/\/tekcevisa.com\/tr\/ispanyada-kac-kisi-dijital-gocebe-vizesi-aldi\/#primaryimage\"},\"thumbnailUrl\":\"https:\/\/tekcevisa.com\/tr\/wp-content\/uploads\/2025\/09\/dn-spain-5t.webp\",\"datePublished\":\"2025-09-11T12:46:39+00:00\",\"dateModified\":\"2025-09-11T12:46:39+00:00\",\"description\":\"2025\u2019te \u0130spanya dijital g\u00f6\u00e7ebe vizesine olan talep h\u0131zla art\u0131yor. Ba\u015fvuru rakamlar\u0131 ve neden bu vizenin bu kadar tercih edildi\u011fini \u00f6\u011frenin!\",\"breadcrumb\":{\"@id\":\"https:\/\/tekcevisa.com\/tr\/ispanyada-kac-kisi-dijital-gocebe-vizesi-aldi\/#breadcrumb\"},\"inLanguage\":\"tr\",\"potentialAction\":[{\"@type\":\"ReadAction\",\"target\":[\"https:\/\/tekcevisa.com\/tr\/ispanyada-kac-kisi-dijital-gocebe-vizesi-aldi\/\"]}]},{\"@type\":\"ImageObject\",\"inLanguage\":\"tr\",\"@id\":\"https:\/\/tekcevisa.com\/tr\/ispanyada-kac-kisi-dijital-gocebe-vizesi-aldi\/#primaryimage\",\"url\":\"https:\/\/tekcevisa.com\/tr\/wp-content\/uploads\/2025\/09\/dn-spain-5t.webp\",\"contentUrl\":\"https:\/\/tekcevisa.com\/tr\/wp-content\/uploads\/2025\/09\/dn-spain-5t.webp\",\"width\":360,\"height\":280},{\"@type\":\"BreadcrumbList\",\"@id\":\"https:\/\/tekcevisa.com\/tr\/ispanyada-kac-kisi-dijital-gocebe-vizesi-aldi\/#breadcrumb\",\"itemListElement\":[{\"@type\":\"ListItem\",\"position\":1,\"name\":\"Ana Sayfa\",\"item\":\"https:\/\/tekcevisa.com\/tr\/\"},{\"@type\":\"ListItem\",\"position\":2,\"name\":\"\u0130spanya\u2019da Ka\u00e7 Ki\u015fi Dijital G\u00f6\u00e7ebe Vizesi Ald\u0131?\"}]},{\"@type\":\"WebSite\",\"@id\":\"https:\/\/tekcevisa.com\/tr\/#website\",\"url\":\"https:\/\/tekcevisa.com\/tr\/\",\"name\":\"Tekce Visa - Uluslararas\u0131 Hukuki Dan\u0131\u015fmanl\u0131k\",\"description\":\"Uluslararas\u0131 Hukuki Dan\u0131\u015fmanl\u0131k\",\"publisher\":{\"@id\":\"https:\/\/tekcevisa.com\/tr\/#organization\"},\"potentialAction\":[{\"@type\":\"SearchAction\",\"target\":{\"@type\":\"EntryPoint\",\"urlTemplate\":\"https:\/\/tekcevisa.com\/tr\/?s={search_term_string}\"},\"query-input\":{\"@type\":\"PropertyValueSpecification\",\"valueRequired\":true,\"valueName\":\"search_term_string\"}}],\"inLanguage\":\"tr\"},{\"@type\":\"Organization\",\"@id\":\"https:\/\/tekcevisa.com\/tr\/#organization\",\"name\":\"Tekce Visa\",\"url\":\"https:\/\/tekcevisa.com\/tr\/\",\"logo\":{\"@type\":\"ImageObject\",\"inLanguage\":\"tr\",\"@id\":\"https:\/\/tekcevisa.com\/tr\/#\/schema\/logo\/image\/\",\"url\":\"https:\/\/tekcevisa.com\/tr\/wp-content\/uploads\/2025\/08\/ah-tekce-visa-opened-1-removebg-preview.png\",\"contentUrl\":\"https:\/\/tekcevisa.com\/tr\/wp-content\/uploads\/2025\/08\/ah-tekce-visa-opened-1-removebg-preview.png\",\"width\":360,\"height\":360,\"caption\":\"Tekce Visa\"},\"image\":{\"@id\":\"https:\/\/tekcevisa.com\/tr\/#\/schema\/logo\/image\/\"},\"sameAs\":[\"https:\/\/www.instagram.com\/tekcevisa\/\"]},{\"@type\":\"Person\",\"@id\":\"https:\/\/tekcevisa.com\/tr\/#\/schema\/person\/03384b5056b7fa25673aef16a0ebf383\",\"name\":\"Murat Alsancak\",\"image\":{\"@type\":\"ImageObject\",\"inLanguage\":\"tr\",\"@id\":\"https:\/\/tekcevisa.com\/tr\/#\/schema\/person\/image\/\",\"url\":\"https:\/\/secure.gravatar.com\/avatar\/8cdd58ffe37b8a7a058b155e7ad6d5014312ad1575fa97114b21b0715c43a22e?s=96&d=mm&r=g\",\"contentUrl\":\"https:\/\/secure.gravatar.com\/avatar\/8cdd58ffe37b8a7a058b155e7ad6d5014312ad1575fa97114b21b0715c43a22e?s=96&d=mm&r=g\",\"caption\":\"Murat Alsancak\"}}]}<\/script>\n<!-- \/ Yoast SEO plugin. -->","yoast_head_json":{"title":"2025 \u0130spanya Dijital G\u00f6\u00e7ebe Vizes","description":"2025\u2019te \u0130spanya dijital g\u00f6\u00e7ebe vizesine olan talep h\u0131zla art\u0131yor. Ba\u015fvuru rakamlar\u0131 ve neden bu vizenin bu kadar tercih edildi\u011fini \u00f6\u011frenin!","robots":{"index":"index","follow":"follow","max-snippet":"max-snippet:-1","max-image-preview":"max-image-preview:large","max-video-preview":"max-video-preview:-1"},"canonical":"https:\/\/tekcevisa.com\/tr\/ispanyada-kac-kisi-dijital-gocebe-vizesi-aldi\/","og_locale":"tr_TR","og_type":"article","og_title":"2025 \u0130spanya Dijital G\u00f6\u00e7ebe Vizes","og_description":"2025\u2019te \u0130spanya dijital g\u00f6\u00e7ebe vizesine olan talep h\u0131zla art\u0131yor. Ba\u015fvuru rakamlar\u0131 ve neden bu vizenin bu kadar tercih edildi\u011fini \u00f6\u011frenin!","og_url":"https:\/\/tekcevisa.com\/tr\/ispanyada-kac-kisi-dijital-gocebe-vizesi-aldi\/","og_site_name":"Tekce Visa","article_publisher":"https:\/\/www.instagram.com\/tekcevisa\/","article_published_time":"2025-09-11T12:46:39+00:00","og_image":[{"width":360,"height":280,"url":"https:\/\/tekcevisa.com\/tr\/wp-content\/uploads\/2025\/09\/dn-spain-5t.webp","type":"image\/webp"}],"author":"Murat Alsancak","twitter_card":"summary_large_image","twitter_misc":{"Yazan:":"Murat Alsancak","Tahmini okuma s\u00fcresi":"5 dakika"},"schema":{"@context":"https:\/\/schema.org","@graph":[{"@type":"Article","@id":"https:\/\/tekcevisa.com\/tr\/ispanyada-kac-kisi-dijital-gocebe-vizesi-aldi\/#article","isPartOf":{"@id":"https:\/\/tekcevisa.com\/tr\/ispanyada-kac-kisi-dijital-gocebe-vizesi-aldi\/"},"author":{"name":"Murat Alsancak","@id":"https:\/\/tekcevisa.com\/tr\/#\/schema\/person\/03384b5056b7fa25673aef16a0ebf383"},"headline":"\u0130spanya\u2019da Ka\u00e7 Ki\u015fi Dijital G\u00f6\u00e7ebe Vizesi Ald\u0131?","datePublished":"2025-09-11T12:46:39+00:00","dateModified":"2025-09-11T12:46:39+00:00","mainEntityOfPage":{"@id":"https:\/\/tekcevisa.com\/tr\/ispanyada-kac-kisi-dijital-gocebe-vizesi-aldi\/"},"wordCount":940,"commentCount":0,"publisher":{"@id":"https:\/\/tekcevisa.com\/tr\/#organization"},"image":{"@id":"https:\/\/tekcevisa.com\/tr\/ispanyada-kac-kisi-dijital-gocebe-vizesi-aldi\/#primaryimage"},"thumbnailUrl":"https:\/\/tekcevisa.com\/tr\/wp-content\/uploads\/2025\/09\/dn-spain-5t.webp","articleSection":["\u0130spanya'da Ya\u015fam"],"inLanguage":"tr","potentialAction":[{"@type":"CommentAction","name":"Comment","target":["https:\/\/tekcevisa.com\/tr\/ispanyada-kac-kisi-dijital-gocebe-vizesi-aldi\/#respond"]}]},{"@type":"WebPage","@id":"https:\/\/tekcevisa.com\/tr\/ispanyada-kac-kisi-dijital-gocebe-vizesi-aldi\/","url":"https:\/\/tekcevisa.com\/tr\/ispanyada-kac-kisi-dijital-gocebe-vizesi-aldi\/","name":"2025 \u0130spanya Dijital G\u00f6\u00e7ebe Vizes","isPartOf":{"@id":"https:\/\/tekcevisa.com\/tr\/#website"},"primaryImageOfPage":{"@id":"https:\/\/tekcevisa.com\/tr\/ispanyada-kac-kisi-dijital-gocebe-vizesi-aldi\/#primaryimage"},"image":{"@id":"https:\/\/tekcevisa.com\/tr\/ispanyada-kac-kisi-dijital-gocebe-vizesi-aldi\/#primaryimage"},"thumbnailUrl":"https:\/\/tekcevisa.com\/tr\/wp-content\/uploads\/2025\/09\/dn-spain-5t.webp","datePublished":"2025-09-11T12:46:39+00:00","dateModified":"2025-09-11T12:46:39+00:00","description":"2025\u2019te \u0130spanya dijital g\u00f6\u00e7ebe vizesine olan talep h\u0131zla art\u0131yor. Ba\u015fvuru rakamlar\u0131 ve neden bu vizenin bu kadar tercih edildi\u011fini \u00f6\u011frenin!","breadcrumb":{"@id":"https:\/\/tekcevisa.com\/tr\/ispanyada-kac-kisi-dijital-gocebe-vizesi-aldi\/#breadcrumb"},"inLanguage":"tr","potentialAction":[{"@type":"ReadAction","target":["https:\/\/tekcevisa.com\/tr\/ispanyada-kac-kisi-dijital-gocebe-vizesi-aldi\/"]}]},{"@type":"ImageObject","inLanguage":"tr","@id":"https:\/\/tekcevisa.com\/tr\/ispanyada-kac-kisi-dijital-gocebe-vizesi-aldi\/#primaryimage","url":"https:\/\/tekcevisa.com\/tr\/wp-content\/uploads\/2025\/09\/dn-spain-5t.webp","contentUrl":"https:\/\/tekcevisa.com\/tr\/wp-content\/uploads\/2025\/09\/dn-spain-5t.webp","width":360,"height":280},{"@type":"BreadcrumbList","@id":"https:\/\/tekcevisa.com\/tr\/ispanyada-kac-kisi-dijital-gocebe-vizesi-aldi\/#breadcrumb","itemListElement":[{"@type":"ListItem","position":1,"name":"Ana Sayfa","item":"https:\/\/tekcevisa.com\/tr\/"},{"@type":"ListItem","position":2,"name":"\u0130spanya\u2019da Ka\u00e7 Ki\u015fi Dijital G\u00f6\u00e7ebe Vizesi Ald\u0131?"}]},{"@type":"WebSite","@id":"https:\/\/tekcevisa.com\/tr\/#website","url":"https:\/\/tekcevisa.com\/tr\/","name":"Tekce Visa - Uluslararas\u0131 Hukuki Dan\u0131\u015fmanl\u0131k","description":"Uluslararas\u0131 Hukuki Dan\u0131\u015fmanl\u0131k","publisher":{"@id":"https:\/\/tekcevisa.com\/tr\/#organization"},"potentialAction":[{"@type":"SearchAction","target":{"@type":"EntryPoint","urlTemplate":"https:\/\/tekcevisa.com\/tr\/?s={search_term_string}"},"query-input":{"@type":"PropertyValueSpecification","valueRequired":true,"valueName":"search_term_string"}}],"inLanguage":"tr"},{"@type":"Organization","@id":"https:\/\/tekcevisa.com\/tr\/#organization","name":"Tekce Visa","url":"https:\/\/tekcevisa.com\/tr\/","logo":{"@type":"ImageObject","inLanguage":"tr","@id":"https:\/\/tekcevisa.com\/tr\/#\/schema\/logo\/image\/","url":"https:\/\/tekcevisa.com\/tr\/wp-content\/uploads\/2025\/08\/ah-tekce-visa-opened-1-removebg-preview.png","contentUrl":"https:\/\/tekcevisa.com\/tr\/wp-content\/uploads\/2025\/08\/ah-tekce-visa-opened-1-removebg-preview.png","width":360,"height":360,"caption":"Tekce Visa"},"image":{"@id":"https:\/\/tekcevisa.com\/tr\/#\/schema\/logo\/image\/"},"sameAs":["https:\/\/www.instagram.com\/tekcevisa\/"]},{"@type":"Person","@id":"https:\/\/tekcevisa.com\/tr\/#\/schema\/person\/03384b5056b7fa25673aef16a0ebf383","name":"Murat Alsancak","image":{"@type":"ImageObject","inLanguage":"tr","@id":"https:\/\/tekcevisa.com\/tr\/#\/schema\/person\/image\/","url":"https:\/\/secure.gravatar.com\/avatar\/8cdd58ffe37b8a7a058b155e7ad6d5014312ad1575fa97114b21b0715c43a22e?s=96&d=mm&r=g","contentUrl":"https:\/\/secure.gravatar.com\/avatar\/8cdd58ffe37b8a7a058b155e7ad6d5014312ad1575fa97114b21b0715c43a22e?s=96&d=mm&r=g","caption":"Murat Alsancak"}}]}},"_links":{"self":[{"href":"https:\/\/tekcevisa.com\/tr\/wp-json\/wp\/v2\/posts\/5527","targetHints":{"allow":["GET"]}}],"collection":[{"href":"https:\/\/tekcevisa.com\/tr\/wp-json\/wp\/v2\/posts"}],"about":[{"href":"https:\/\/tekcevisa.com\/tr\/wp-json\/wp\/v2\/types\/post"}],"author":[{"embeddable":true,"href":"https:\/\/tekcevisa.com\/tr\/wp-json\/wp\/v2\/users\/8"}],"replies":[{"embeddable":true,"href":"https:\/\/tekcevisa.com\/tr\/wp-json\/wp\/v2\/comments?post=5527"}],"version-history":[{"count":1,"href":"https:\/\/tekcevisa.com\/tr\/wp-json\/wp\/v2\/posts\/5527\/revisions"}],"predecessor-version":[{"id":5531,"href":"https:\/\/tekcevisa.com\/tr\/wp-json\/wp\/v2\/posts\/5527\/revisions\/5531"}],"wp:featuredmedia":[{"embeddable":true,"href":"https:\/\/tekcevisa.com\/tr\/wp-json\/wp\/v2\/media\/5528"}],"wp:attachment":[{"href":"https:\/\/tekcevisa.com\/tr\/wp-json\/wp\/v2\/media?parent=5527"}],"wp:term":[{"taxonomy":"category","embeddable":true,"href":"https:\/\/tekcevisa.com\/tr\/wp-json\/wp\/v2\/categories?post=5527"},{"taxonomy":"post_tag","embeddable":true,"href":"https:\/\/tekcevisa.com\/tr\/wp-json\/wp\/v2\/tags?post=5527"}],"curies":[{"name":"wp","href":"https:\/\/api.w.org\/{rel}","templated":true}]}}