{"id":5617,"date":"2026-04-30T14:39:38","date_gmt":"2026-04-30T11:39:38","guid":{"rendered":"https:\/\/tekcevisa.com\/tr\/?p=5617"},"modified":"2026-04-30T16:01:46","modified_gmt":"2026-04-30T13:01:46","slug":"turkiyenin-2026-vergi-tesvikleri-yurt-disi-gelirinde-0-vergi-muafiyetinden-nasil-yararlanilir","status":"publish","type":"post","link":"https:\/\/tekcevisa.com\/tr\/turkiyenin-2026-vergi-tesvikleri-yurt-disi-gelirinde-0-vergi-muafiyetinden-nasil-yararlanilir\/","title":{"rendered":"T\u00fcrkiye\u2019nin 2026 Vergi Te\u015fvikleri: Yurt D\u0131\u015f\u0131 Gelirinde %100 Vergi Muafiyetinden Nas\u0131l Yararlan\u0131l\u0131r?"},"content":{"rendered":"<div id=\"ez-toc-container\" class=\"ez-toc-v2_0_62 counter-hierarchy ez-toc-counter ez-toc-transparent ez-toc-container-direction\">\n<div class=\"ez-toc-title-container\">\n<p class=\"ez-toc-title \" >\u0130&ccedil;indekiler<\/p>\n<span class=\"ez-toc-title-toggle\"><\/span><\/div>\n<nav><ul class='ez-toc-list ez-toc-list-level-1 ' ><li class='ez-toc-page-1 ez-toc-heading-level-2'><a class=\"ez-toc-link ez-toc-heading-1\" href=\"https:\/\/tekcevisa.com\/tr\/turkiyenin-2026-vergi-tesvikleri-yurt-disi-gelirinde-0-vergi-muafiyetinden-nasil-yararlanilir\/#Turkiyede_100_Vergi_Muafiyeti_Nedir\" title=\"T\u00fcrkiye\u2019de %100 Vergi Muafiyeti Nedir?\">T\u00fcrkiye\u2019de %100 Vergi Muafiyeti Nedir?<\/a><\/li><li class='ez-toc-page-1 ez-toc-heading-level-2'><a class=\"ez-toc-link ez-toc-heading-2\" href=\"https:\/\/tekcevisa.com\/tr\/turkiyenin-2026-vergi-tesvikleri-yurt-disi-gelirinde-0-vergi-muafiyetinden-nasil-yararlanilir\/#Bu_Tesviklerden_Kimler_Yararlanabilir\" title=\"Bu Te\u015fviklerden Kimler Yararlanabilir?\">Bu Te\u015fviklerden Kimler Yararlanabilir?<\/a><\/li><li class='ez-toc-page-1 ez-toc-heading-level-2'><a class=\"ez-toc-link ez-toc-heading-3\" href=\"https:\/\/tekcevisa.com\/tr\/turkiyenin-2026-vergi-tesvikleri-yurt-disi-gelirinde-0-vergi-muafiyetinden-nasil-yararlanilir\/#Yasal_Sartlar\" title=\"Yasal \u015eartlar\">Yasal \u015eartlar<\/a><\/li><li class='ez-toc-page-1 ez-toc-heading-level-2'><a class=\"ez-toc-link ez-toc-heading-4\" href=\"https:\/\/tekcevisa.com\/tr\/turkiyenin-2026-vergi-tesvikleri-yurt-disi-gelirinde-0-vergi-muafiyetinden-nasil-yararlanilir\/#Serbest_Calisan_mi_Sirket_mi_Hangi_Yapi_Daha_Avantajli\" title=\"Serbest \u00c7al\u0131\u015fan m\u0131 \u015eirket mi: Hangi Yap\u0131 Daha Avantajl\u0131?\">Serbest \u00c7al\u0131\u015fan m\u0131 \u015eirket mi: Hangi Yap\u0131 Daha Avantajl\u0131?<\/a><\/li><li class='ez-toc-page-1 ez-toc-heading-level-2'><a class=\"ez-toc-link ez-toc-heading-5\" href=\"https:\/\/tekcevisa.com\/tr\/turkiyenin-2026-vergi-tesvikleri-yurt-disi-gelirinde-0-vergi-muafiyetinden-nasil-yararlanilir\/#Kacinilmasi_Gereken_Yaygin_Hatalar\" title=\"Ka\u00e7\u0131n\u0131lmas\u0131 Gereken Yayg\u0131n Hatalar\">Ka\u00e7\u0131n\u0131lmas\u0131 Gereken Yayg\u0131n Hatalar<\/a><\/li><li class='ez-toc-page-1 ez-toc-heading-level-2'><a class=\"ez-toc-link ez-toc-heading-6\" href=\"https:\/\/tekcevisa.com\/tr\/turkiyenin-2026-vergi-tesvikleri-yurt-disi-gelirinde-0-vergi-muafiyetinden-nasil-yararlanilir\/#TEKCE_Visa_Sizi_Nasil_Destekler\" title=\"TEKCE Visa Sizi Nas\u0131l Destekler\">TEKCE Visa Sizi Nas\u0131l Destekler<\/a><\/li><li class='ez-toc-page-1 ez-toc-heading-level-2'><a class=\"ez-toc-link ez-toc-heading-7\" href=\"https:\/\/tekcevisa.com\/tr\/turkiyenin-2026-vergi-tesvikleri-yurt-disi-gelirinde-0-vergi-muafiyetinden-nasil-yararlanilir\/#Profesyonel_Danismanlik_Neden_Onemlidir\" title=\"Profesyonel Dan\u0131\u015fmanl\u0131k Neden \u00d6nemlidir\">Profesyonel Dan\u0131\u015fmanl\u0131k Neden \u00d6nemlidir<\/a><\/li><li class='ez-toc-page-1 ez-toc-heading-level-2'><a class=\"ez-toc-link ez-toc-heading-8\" href=\"https:\/\/tekcevisa.com\/tr\/turkiyenin-2026-vergi-tesvikleri-yurt-disi-gelirinde-0-vergi-muafiyetinden-nasil-yararlanilir\/#Surece_Bugun_Baslayin\" title=\"S\u00fcrece Bug\u00fcn Ba\u015flay\u0131n\">S\u00fcrece Bug\u00fcn Ba\u015flay\u0131n<\/a><\/li><\/ul><\/nav><\/div>\n<div class=\"author-section\" style=\"margin-top: 50px; padding: 20px; border-top: 1px solid #eee; background-color: #f9f9f9; display: flex; align-items: center; border-radius: 8px;\">\n<div class=\"author-info\">\n<p style=\"margin: 0; font-size: 14px; color: #666; text-transform: uppercase; letter-spacing: 1px;\">Yazar<\/p>\n<h4 style=\"margin: 5px 0 0 0; font-size: 18px;\"><a style=\"color: #000; text-decoration: none; font-weight: bold;\" href=\"https:\/\/bayramtekce.com\/\" target=\"_blank\" rel=\"dofollow noopener\">Bayram Tek\u00e7e<\/a><\/h4>\n<\/div>\n<\/div>\n<p><!-- Author Section End --><\/p>\n<p>T\u00fcrkiye; k\u00fcresel giri\u015fimcileri, freelance \u00e7al\u0131\u015fanlar\u0131 ve dijital profesyonelleri cezbetmek i\u00e7in yeni bir vergi te\u015fviki d\u00f6nemi ba\u015flatt\u0131.<\/p>\n<p>Nisan 2026&#8217;da \u0130stanbul&#8217;daki yat\u0131r\u0131m konferans\u0131nda duyurulan yeni d\u00fczenleme, hizmet ihracat\u0131na y\u00f6nelik mevcut vergi avantajlar\u0131n\u0131 geni\u015fleterek belirli \u015fartlar alt\u0131nda yurt d\u0131\u015f\u0131 kaynakl\u0131 kazan\u00e7larda %100&#8217;e varan gelir vergisi istisnas\u0131 elde etmeyi m\u00fcmk\u00fcn k\u0131l\u0131yor.<\/p>\n<p>Ancak avantajdan yararlanabilmek, tamamen do\u011fru hukuki ve mali yap\u0131land\u0131rman\u0131n kurulmas\u0131na ba\u011fl\u0131.<\/p>\n<p>\ud83d\udc49 Ancak avantajdan yararlanabilmek, tamamen do\u011fru hukuki ve mali yap\u0131land\u0131rman\u0131n kurulmas\u0131na ba\u011fl\u0131.<\/p>\n<p><img decoding=\"async\" class=\"alignnone wp-image-5623\" src=\"https:\/\/tekcevisa.com\/tr\/wp-content\/uploads\/2026\/04\/freepik_minimalist-desk-in-luxuri_2879136786-300x162.webp\" alt=\"\" width=\"800\" height=\"432\" srcset=\"https:\/\/tekcevisa.com\/tr\/wp-content\/uploads\/2026\/04\/freepik_minimalist-desk-in-luxuri_2879136786-300x162.webp 300w, https:\/\/tekcevisa.com\/tr\/wp-content\/uploads\/2026\/04\/freepik_minimalist-desk-in-luxuri_2879136786-1024x552.webp 1024w, https:\/\/tekcevisa.com\/tr\/wp-content\/uploads\/2026\/04\/freepik_minimalist-desk-in-luxuri_2879136786-768x414.webp 768w, https:\/\/tekcevisa.com\/tr\/wp-content\/uploads\/2026\/04\/freepik_minimalist-desk-in-luxuri_2879136786-260x140.webp 260w, https:\/\/tekcevisa.com\/tr\/wp-content\/uploads\/2026\/04\/freepik_minimalist-desk-in-luxuri_2879136786-50x27.webp 50w, https:\/\/tekcevisa.com\/tr\/wp-content\/uploads\/2026\/04\/freepik_minimalist-desk-in-luxuri_2879136786-139x75.webp 139w, https:\/\/tekcevisa.com\/tr\/wp-content\/uploads\/2026\/04\/freepik_minimalist-desk-in-luxuri_2879136786.webp 1280w\" sizes=\"(max-width: 800px) 100vw, 800px\" \/><\/p>\n<h2><span class=\"ez-toc-section\" id=\"Turkiyede_100_Vergi_Muafiyeti_Nedir\"><\/span>T\u00fcrkiye\u2019de %100 Vergi Muafiyeti Nedir?<span class=\"ez-toc-section-end\"><\/span><\/h2>\n<p>Bu d\u00fczenleme, Gelir Vergisi Kanunu\u2019ndaki mevcut h\u00fck\u00fcmlerin, \u00f6zellikle de yurt d\u0131\u015f\u0131ndaki m\u00fc\u015fterilere sunulan hizmetlerden elde edilen kazan\u00e7lara y\u00f6nelik maddelerin \u00fczerine in\u015fa edilmi\u015ftir.<\/p>\n<h3>Temel \u0130lke<\/h3>\n<p>E\u011fer:<br \/>\nT\u00fcrkiye d\u0131\u015f\u0131ndaki m\u00fc\u015fterilere hizmet veriyorsan\u0131z<br \/>\nBu hizmetleri uluslararas\u0131 olarak sunuyorsan\u0131z<br \/>\n\u00d6demeleri d\u00f6viz cinsinden al\u0131yorsan\u0131z<br \/>\nCiddi oranlarda vergi indiriminden yararlanabilir ve bu indirimler baz\u0131 durumlarda %100 vergi muafiyetine kadar ula\u015fabilir.<\/p>\n<h3>\u00d6nemli A\u00e7\u0131klama<\/h3>\n<p>%100 vergi muafiyeti<br \/>\nOtomatik olarak uygulanmaz<br \/>\nBelirli yasal \u015fartlar\u0131n yerine getirilmesi gerekir<br \/>\nFaaliyetinizin nas\u0131l yap\u0131land\u0131r\u0131ld\u0131\u011f\u0131na ba\u011fl\u0131d\u0131r<br \/>\nYanl\u0131\u015f yap\u0131land\u0131rma, k\u0131smi vergilendirmeye veya sa\u011flanan avantajlar\u0131n kayb\u0131na yol a\u00e7abilir.<\/p>\n<p><img decoding=\"async\" class=\"alignnone wp-image-5622\" src=\"https:\/\/tekcevisa.com\/tr\/wp-content\/uploads\/2026\/04\/ejtyhgrewtrgreg-300x188.webp\" alt=\"\" width=\"879\" height=\"551\" srcset=\"https:\/\/tekcevisa.com\/tr\/wp-content\/uploads\/2026\/04\/ejtyhgrewtrgreg-300x188.webp 300w, https:\/\/tekcevisa.com\/tr\/wp-content\/uploads\/2026\/04\/ejtyhgrewtrgreg-1024x643.webp 1024w, https:\/\/tekcevisa.com\/tr\/wp-content\/uploads\/2026\/04\/ejtyhgrewtrgreg-768x482.webp 768w, https:\/\/tekcevisa.com\/tr\/wp-content\/uploads\/2026\/04\/ejtyhgrewtrgreg-232x146.webp 232w, https:\/\/tekcevisa.com\/tr\/wp-content\/uploads\/2026\/04\/ejtyhgrewtrgreg-50x31.webp 50w, https:\/\/tekcevisa.com\/tr\/wp-content\/uploads\/2026\/04\/ejtyhgrewtrgreg-119x75.webp 119w, https:\/\/tekcevisa.com\/tr\/wp-content\/uploads\/2026\/04\/ejtyhgrewtrgreg.webp 1280w\" sizes=\"(max-width: 879px) 100vw, 879px\" \/><\/p>\n<h2><span class=\"ez-toc-section\" id=\"Bu_Tesviklerden_Kimler_Yararlanabilir\"><\/span>Bu Te\u015fviklerden Kimler Yararlanabilir?<span class=\"ez-toc-section-end\"><\/span><\/h2>\n<p>Bu d\u00fczenleme \u00f6ncelikle hizmet ihracat\u0131 yapan profesyonelleri ve i\u015fletmeleri hedeflemektedir.<\/p>\n<h3>Uygun Meslek Gruplar\u0131<\/h3>\n<p>Yaz\u0131l\u0131m geli\u015ftiriciler<br \/>\nIT uzmanlar\u0131 ve m\u00fchendisler<br \/>\nDijital dan\u0131\u015fmanlar<br \/>\nTasar\u0131mc\u0131lar ve yarat\u0131c\u0131 profesyoneller<br \/>\nUluslararas\u0131 m\u00fc\u015fterilere \u00e7al\u0131\u015fan freelancerlar<\/p>\n<h3>Kapsama Giren \u0130\u015f Modelleri<\/h3>\n<p>Freelance \u00e7al\u0131\u015fanlar ve \u015fah\u0131s \u015firketleri<br \/>\nStartuplar ve SaaS giri\u015fimleri<br \/>\nHizmet ihracat\u0131 odakl\u0131 \u015firketler<\/p>\n<h2><span class=\"ez-toc-section\" id=\"Yasal_Sartlar\"><\/span>Yasal \u015eartlar<span class=\"ez-toc-section-end\"><\/span><\/h2>\n<p>Vergi muafiyetinden yararlanabilmek i\u00e7in belirli yasal ve finansal ko\u015fullar\u0131n yerine getirilmesi gerekmektedir..<\/p>\n<h3>Temel Uyumluluk Kriterleri<\/h3>\n<p>M\u00fc\u015fterilerin yurt d\u0131\u015f\u0131ndan bulunmas\u0131 gerekir<br \/>\nHizmetlerin T\u00fcrkiye d\u0131\u015f\u0131nda sunulmas\u0131 gerekir<br \/>\nGelirlerin do\u011fru \u015fekilde faturalanmas\u0131 ve belgelenmesi gerekir<br \/>\n\u00d6demelerin resmi bankacal\u0131k kanallar\u0131 \u00fczerinden al\u0131nmas\u0131 gerekir<\/p>\n<h3>Yap\u0131land\u0131rman\u0131n \u00d6nemi<\/h3>\n<p>Uygunluk b\u00fcy\u00fck \u00f6l\u00e7\u00fcde a\u015fa\u011f\u0131daki kriterlere ba\u011fl\u0131d\u0131r:<br \/>\nBireysel olarak m\u0131 yoksa \u015firket olarak m\u0131 faaliyet g\u00f6sterdi\u011finiz<br \/>\nVergi m\u00fckellefiyeti durumunuz<br \/>\nKulland\u0131\u011f\u0131n\u0131z s\u00f6zle\u015fme t\u00fcrleri<br \/>\nGelir ak\u0131\u015f\u0131n\u0131z\u0131n nas\u0131l yap\u0131land\u0131r\u0131ld\u0131\u011f\u0131<\/p>\n<p>Yap\u0131land\u0131rmada yap\u0131labilecek k\u00fc\u00e7\u00fck hatalar a\u015fa\u011f\u0131daki durumlara yol a\u00e7abilir:<br \/>\n\ud83d\udccc Vergi avantajlar\u0131n\u0131n kayb\u0131<br \/>\n\ud83d\udccc Geriye d\u00f6n\u00fck vergilendirme<br \/>\n\ud83d\udccc Yasal yapt\u0131r\u0131mlar<\/p>\n<h2><span class=\"ez-toc-section\" id=\"Serbest_Calisan_mi_Sirket_mi_Hangi_Yapi_Daha_Avantajli\"><\/span>Serbest \u00c7al\u0131\u015fan m\u0131 \u015eirket mi: Hangi Yap\u0131 Daha Avantajl\u0131?<span class=\"ez-toc-section-end\"><\/span><\/h2>\n<p>T\u00fcrkiye\u2019de en s\u0131k g\u00fcndeme gelen konulardan biri, bireysel (freelancer) olarak m\u0131 yoksa \u015firket kurarak m\u0131 faaliyet y\u00fcr\u00fct\u00fclmesi gerekti\u011fidir.<\/p>\n<h3>Serbest \u00c7al\u0131\u015fan (Freelancer)<\/h3>\n<p>Avantajlar\u0131:<br \/>\nDaha basit kurulum<br \/>\nDaha d\u00fc\u015f\u00fck idari y\u00fck<br \/>\nS\u0131n\u0131rlamalar\u0131:<br \/>\nVergi avantajlar\u0131ndan tam olarak yararlanamayabilir<br \/>\n\u0130\u015fini b\u00fcy\u00fctme a\u00e7\u0131s\u0131ndan daha s\u0131n\u0131rl\u0131 imkanlar sunabilir<\/p>\n<h3>\u015eirket<\/h3>\n<p>Avantajlar\u0131:<br \/>\nVergi planlamas\u0131nda daha fazla kontrol<br \/>\n\u0130hracat te\u015fvikleriyle daha uygun yap\u0131<br \/>\nUluslararas\u0131 operasyonlar i\u00e7in \u00f6l\u00e7eklenebilir<br \/>\nS\u0131n\u0131rlamalar\u0131:<br \/>\nDo\u011fru \u015fekilde kurulmu\u015f bir \u015firket yap\u0131s\u0131 ve yasal uyum gerektirir<\/p>\n<p>Do\u011fru yap\u0131y\u0131 se\u00e7mek, elde edilecek avantajlar\u0131 en \u00fcst d\u00fczeye \u00e7\u0131karmak i\u00e7in kritik \u00f6neme sahiptir.<\/p>\n<h2><span class=\"ez-toc-section\" id=\"Kacinilmasi_Gereken_Yaygin_Hatalar\"><\/span>Ka\u00e7\u0131n\u0131lmas\u0131 Gereken Yayg\u0131n Hatalar<span class=\"ez-toc-section-end\"><\/span><\/h2>\n<p>Bir\u00e7ok ba\u015fvuru sahibi, \u00f6nlenebilir hatalar nedeniyle te\u015fviklerden tam olarak yararlanamamaktad\u0131r.<\/p>\n<h3>Yayg\u0131n Problemler<\/h3>\n<p>Yanl\u0131\u015f faturaland\u0131rma uygulamalar\u0131<br \/>\nGelirin hatal\u0131 s\u0131n\u0131fland\u0131r\u0131lmas\u0131<br \/>\nYerel ve yurt d\u0131\u015f\u0131 gelirlerinin ayr\u0131m\u0131n\u0131n do\u011fru yap\u0131lmamas\u0131<br \/>\nUluslararas\u0131 m\u00fc\u015fterilere uygun s\u00f6zle\u015fmelerin olmamas\u0131<br \/>\nYanl\u0131\u015f yasal \u015firket yap\u0131s\u0131n\u0131n se\u00e7ilmesi<\/p>\n<p>Bu hatalar, vergi avantajlar\u0131n\u0131 \u00f6nemli \u00f6l\u00e7\u00fcde azaltabilir veya tamamen ortadan kald\u0131rabilir.<\/p>\n<h2><span class=\"ez-toc-section\" id=\"TEKCE_Visa_Sizi_Nasil_Destekler\"><\/span>TEKCE Visa Sizi Nas\u0131l Destekler<span class=\"ez-toc-section-end\"><\/span><\/h2>\n<p>Mevzuat\u0131 anlamak \u00f6nemlidir, ancak do\u011fru \u015fekilde uygulamak ayr\u0131 bir uzmanl\u0131k gerektirir.<\/p>\n<p>TEKCE Visa olarak, T\u00fcrkiye\u2019deki vergi te\u015fviklerinden tam kapasiteyle yararlanman\u0131z\u0131 sa\u011flamak amac\u0131yla u\u00e7tan uca hukuki destek ve dan\u0131\u015fmanl\u0131k hizmetleri sunuyoruz.<\/p>\n<h3>Hizmetlerimiz<\/h3>\n<p>Uygunluk durumunuzun hukuki olarak de\u011ferlendirilmesi<br \/>\n\u015eirket kurulu\u015fu ve yap\u0131land\u0131rma s\u00fcre\u00e7leri<br \/>\nVergi uyum rehberli\u011fi<br \/>\nS\u00f6zle\u015fme ve faturaland\u0131rma s\u00fcre\u00e7lerinin kurulumu<br \/>\nS\u00fcrekli dan\u0131\u015fmanl\u0131k deste\u011fi<\/p>\n<p>Karma\u015f\u0131k d\u00fczenlemeleri sadele\u015ftiriyor ve sizin durumunuza \u00f6zel, uygulanabilir, net bir yol haritas\u0131na d\u00f6n\u00fc\u015ft\u00fcr\u00fcyoruz.<\/p>\n<h2><span class=\"ez-toc-section\" id=\"Profesyonel_Danismanlik_Neden_Onemlidir\"><\/span>Profesyonel Dan\u0131\u015fmanl\u0131k Neden \u00d6nemlidir<span class=\"ez-toc-section-end\"><\/span><\/h2>\n<p>T\u00fcrkiye\u2019nin vergi te\u015fvikleri \u00f6nemli avantajlar sunar; bu avantajlardan yararlanmak ise do\u011fru uygulamaya ba\u011fl\u0131d\u0131r.<\/p>\n<p>Do\u011fru y\u00f6nlendirme olmadan:<br \/>\n\u00d6nemli avantajlar\u0131 ka\u00e7\u0131rabilirsiniz<br \/>\nUyum riskleriyle kar\u015f\u0131la\u015fabilirisiniz<br \/>\nGereksiz veya fazla vergi \u00f6deyebilirsiniz<\/p>\n<p>Do\u011fru hukuki strateji ile:<br \/>\n\u2714 Vergi verimlili\u011fini en \u00fcst d\u00fczeye \u00e7\u0131kar\u0131rs\u0131n\u0131z<br \/>\n\u2714 T\u00fcm yasal gerekliliklere tam uyum sa\u011flars\u0131n\u0131z<br \/>\n\u2714 S\u00fcrd\u00fcr\u00fclebilir bir uluslararas\u0131 yap\u0131 kurars\u0131n\u0131z<\/p>\n<h2><span class=\"ez-toc-section\" id=\"Surece_Bugun_Baslayin\"><\/span>S\u00fcrece Bug\u00fcn Ba\u015flay\u0131n<span class=\"ez-toc-section-end\"><\/span><\/h2>\n<p>T\u00fcrkiye; k\u00fcresel \u00f6l\u00e7ekte hareket eden profesyoneller i\u00e7in d\u00fcnyan\u0131n en cazip merkezlerinden biri haline geliyor.<\/p>\n<p>E\u011fer siz de:<br \/>\nYurt d\u0131\u015f\u0131 kazan\u00e7lar\u0131na y\u00f6nelik vergi avantajlar\u0131ndan,<br \/>\nEsnek i\u015f modellerinden<br \/>\nB\u00fcy\u00fcyen uluslararas\u0131 bir ekosistemden<br \/>\nFaydalanmak istiyorsan\u0131z, harekete ge\u00e7menin tam zaman\u0131.<\/p>\n<p>\ud83d\udc49 <a href=\"https:\/\/tekcevisa.com\/tr\/iletisim\/\">TEKCE Visa ile bug\u00fcn ileti\u015fime ge\u00e7in<\/a>; uzman hukuk\u00e7ular\u0131m\u0131z i\u015finizi en do\u011fru \u015fekilde yap\u0131land\u0131rman\u0131za yard\u0131mc\u0131 olsun.<\/p>\n<p><!-- Fixed Minimal Single Line Author --><\/p>\n<div class=\"author-clean-link\" style=\"margin-top: 40px; padding-top: 15px; border-top: 1px solid #f0f0f0; font-family: -apple-system, system-ui, BlinkMacSystemFont, 'Segoe UI', Roboto, sans-serif; clear: both;\">\n<div style=\"line-height: 1.5; display: block;\"><span style=\"font-size: 13px; color: #999; text-transform: uppercase; letter-spacing: 1.2px; font-weight: 600; margin-right: 5px;\">Author:<\/span><br \/>\n<a style=\"font-size: 16px; color: #111; text-decoration: none; font-weight: bold; border-bottom: 2px solid #e6e6e6; transition: all 0.2s ease;\" href=\"https:\/\/bayramtekce.com\/\" target=\"_blank\" rel=\"dofollow noopener\"><br \/>\nBayram Tek\u00e7e<br \/>\n<\/a><\/div>\n<\/div>\n","protected":false},"excerpt":{"rendered":"<p>Yazar Bayram Tek\u00e7e T\u00fcrkiye; k\u00fcresel giri\u015fimcileri, freelance \u00e7al\u0131\u015fanlar\u0131 ve dijital<span class=\"excerpt-hellip\"> [\u2026]<\/span><\/p>\n","protected":false},"author":8,"featured_media":5618,"comment_status":"open","ping_status":"open","sticky":false,"template":"","format":"standard","meta":{"footnotes":""},"categories":[6,3],"tags":[],"class_list":["post-5617","post","type-post","status-publish","format-standard","has-post-thumbnail","hentry","category-haberler","category-hukuki-danismanlik"],"yoast_head":"<!-- This site is optimized with the Yoast SEO plugin v24.2 - https:\/\/yoast.com\/wordpress\/plugins\/seo\/ -->\n<title>T\u00fcrkiye&#039;nin 2026 Vergi Te\u015fvi\u011fi: Yurt D\u0131\u015f\u0131 Gelirine 0 Muafiyet<\/title>\n<meta name=\"description\" content=\"T\u00fcrkiye&#039;nin 2026 vergi te\u015fviklerini ke\u015ffedin: Giri\u015fimciler i\u00e7in 0 yurt d\u0131\u015f\u0131 gelir istisnas\u0131 ve yasal rehberlik detaylar\u0131.\" \/>\n<meta name=\"robots\" content=\"index, follow, max-snippet:-1, max-image-preview:large, max-video-preview:-1\" \/>\n<link rel=\"canonical\" href=\"https:\/\/tekcevisa.com\/tr\/turkiyenin-2026-vergi-tesvikleri-yurt-disi-gelirinde-0-vergi-muafiyetinden-nasil-yararlanilir\/\" \/>\n<meta property=\"og:locale\" content=\"tr_TR\" \/>\n<meta property=\"og:type\" content=\"article\" \/>\n<meta property=\"og:title\" content=\"T\u00fcrkiye&#039;nin 2026 Vergi Te\u015fvi\u011fi: Yurt D\u0131\u015f\u0131 Gelirine 0 Muafiyet\" \/>\n<meta property=\"og:description\" content=\"T\u00fcrkiye&#039;nin 2026 vergi te\u015fviklerini ke\u015ffedin: Giri\u015fimciler i\u00e7in 0 yurt d\u0131\u015f\u0131 gelir istisnas\u0131 ve yasal rehberlik detaylar\u0131.\" \/>\n<meta property=\"og:url\" content=\"https:\/\/tekcevisa.com\/tr\/turkiyenin-2026-vergi-tesvikleri-yurt-disi-gelirinde-0-vergi-muafiyetinden-nasil-yararlanilir\/\" \/>\n<meta property=\"og:site_name\" content=\"Tekce Visa\" \/>\n<meta property=\"article:publisher\" content=\"https:\/\/www.instagram.com\/tekcevisa\/\" \/>\n<meta property=\"article:published_time\" content=\"2026-04-30T11:39:38+00:00\" \/>\n<meta property=\"article:modified_time\" content=\"2026-04-30T13:01:46+00:00\" \/>\n<meta property=\"og:image\" content=\"https:\/\/tekcevisa.com\/tr\/wp-content\/uploads\/2026\/04\/Turkey-2026-Tax-Incentives.webp\" \/>\n\t<meta property=\"og:image:width\" content=\"360\" \/>\n\t<meta property=\"og:image:height\" content=\"280\" \/>\n\t<meta property=\"og:image:type\" content=\"image\/webp\" \/>\n<meta name=\"author\" content=\"Murat Alsancak\" \/>\n<meta name=\"twitter:card\" content=\"summary_large_image\" \/>\n<meta name=\"twitter:label1\" content=\"Yazan:\" \/>\n\t<meta name=\"twitter:data1\" content=\"Murat Alsancak\" \/>\n\t<meta name=\"twitter:label2\" content=\"Tahmini okuma s\u00fcresi\" \/>\n\t<meta name=\"twitter:data2\" content=\"5 dakika\" \/>\n<script type=\"application\/ld+json\" class=\"yoast-schema-graph\">{\"@context\":\"https:\/\/schema.org\",\"@graph\":[{\"@type\":\"Article\",\"@id\":\"https:\/\/tekcevisa.com\/tr\/turkiyenin-2026-vergi-tesvikleri-yurt-disi-gelirinde-0-vergi-muafiyetinden-nasil-yararlanilir\/#article\",\"isPartOf\":{\"@id\":\"https:\/\/tekcevisa.com\/tr\/turkiyenin-2026-vergi-tesvikleri-yurt-disi-gelirinde-0-vergi-muafiyetinden-nasil-yararlanilir\/\"},\"author\":{\"name\":\"Murat Alsancak\",\"@id\":\"https:\/\/tekcevisa.com\/tr\/#\/schema\/person\/03384b5056b7fa25673aef16a0ebf383\"},\"headline\":\"T\u00fcrkiye\u2019nin 2026 Vergi Te\u015fvikleri: Yurt D\u0131\u015f\u0131 Gelirinde %100 Vergi Muafiyetinden Nas\u0131l Yararlan\u0131l\u0131r?\",\"datePublished\":\"2026-04-30T11:39:38+00:00\",\"dateModified\":\"2026-04-30T13:01:46+00:00\",\"mainEntityOfPage\":{\"@id\":\"https:\/\/tekcevisa.com\/tr\/turkiyenin-2026-vergi-tesvikleri-yurt-disi-gelirinde-0-vergi-muafiyetinden-nasil-yararlanilir\/\"},\"wordCount\":925,\"commentCount\":0,\"publisher\":{\"@id\":\"https:\/\/tekcevisa.com\/tr\/#organization\"},\"image\":{\"@id\":\"https:\/\/tekcevisa.com\/tr\/turkiyenin-2026-vergi-tesvikleri-yurt-disi-gelirinde-0-vergi-muafiyetinden-nasil-yararlanilir\/#primaryimage\"},\"thumbnailUrl\":\"https:\/\/tekcevisa.com\/tr\/wp-content\/uploads\/2026\/04\/Turkey-2026-Tax-Incentives.webp\",\"articleSection\":[\"Haberler\",\"Hukuki Dan\u0131\u015fmanl\u0131k\"],\"inLanguage\":\"tr\",\"potentialAction\":[{\"@type\":\"CommentAction\",\"name\":\"Comment\",\"target\":[\"https:\/\/tekcevisa.com\/tr\/turkiyenin-2026-vergi-tesvikleri-yurt-disi-gelirinde-0-vergi-muafiyetinden-nasil-yararlanilir\/#respond\"]}]},{\"@type\":\"WebPage\",\"@id\":\"https:\/\/tekcevisa.com\/tr\/turkiyenin-2026-vergi-tesvikleri-yurt-disi-gelirinde-0-vergi-muafiyetinden-nasil-yararlanilir\/\",\"url\":\"https:\/\/tekcevisa.com\/tr\/turkiyenin-2026-vergi-tesvikleri-yurt-disi-gelirinde-0-vergi-muafiyetinden-nasil-yararlanilir\/\",\"name\":\"T\u00fcrkiye'nin 2026 Vergi Te\u015fvi\u011fi: Yurt D\u0131\u015f\u0131 Gelirine 0 Muafiyet\",\"isPartOf\":{\"@id\":\"https:\/\/tekcevisa.com\/tr\/#website\"},\"primaryImageOfPage\":{\"@id\":\"https:\/\/tekcevisa.com\/tr\/turkiyenin-2026-vergi-tesvikleri-yurt-disi-gelirinde-0-vergi-muafiyetinden-nasil-yararlanilir\/#primaryimage\"},\"image\":{\"@id\":\"https:\/\/tekcevisa.com\/tr\/turkiyenin-2026-vergi-tesvikleri-yurt-disi-gelirinde-0-vergi-muafiyetinden-nasil-yararlanilir\/#primaryimage\"},\"thumbnailUrl\":\"https:\/\/tekcevisa.com\/tr\/wp-content\/uploads\/2026\/04\/Turkey-2026-Tax-Incentives.webp\",\"datePublished\":\"2026-04-30T11:39:38+00:00\",\"dateModified\":\"2026-04-30T13:01:46+00:00\",\"description\":\"T\u00fcrkiye'nin 2026 vergi te\u015fviklerini ke\u015ffedin: Giri\u015fimciler i\u00e7in 0 yurt d\u0131\u015f\u0131 gelir istisnas\u0131 ve yasal rehberlik detaylar\u0131.\",\"breadcrumb\":{\"@id\":\"https:\/\/tekcevisa.com\/tr\/turkiyenin-2026-vergi-tesvikleri-yurt-disi-gelirinde-0-vergi-muafiyetinden-nasil-yararlanilir\/#breadcrumb\"},\"inLanguage\":\"tr\",\"potentialAction\":[{\"@type\":\"ReadAction\",\"target\":[\"https:\/\/tekcevisa.com\/tr\/turkiyenin-2026-vergi-tesvikleri-yurt-disi-gelirinde-0-vergi-muafiyetinden-nasil-yararlanilir\/\"]}]},{\"@type\":\"ImageObject\",\"inLanguage\":\"tr\",\"@id\":\"https:\/\/tekcevisa.com\/tr\/turkiyenin-2026-vergi-tesvikleri-yurt-disi-gelirinde-0-vergi-muafiyetinden-nasil-yararlanilir\/#primaryimage\",\"url\":\"https:\/\/tekcevisa.com\/tr\/wp-content\/uploads\/2026\/04\/Turkey-2026-Tax-Incentives.webp\",\"contentUrl\":\"https:\/\/tekcevisa.com\/tr\/wp-content\/uploads\/2026\/04\/Turkey-2026-Tax-Incentives.webp\",\"width\":360,\"height\":280},{\"@type\":\"BreadcrumbList\",\"@id\":\"https:\/\/tekcevisa.com\/tr\/turkiyenin-2026-vergi-tesvikleri-yurt-disi-gelirinde-0-vergi-muafiyetinden-nasil-yararlanilir\/#breadcrumb\",\"itemListElement\":[{\"@type\":\"ListItem\",\"position\":1,\"name\":\"Ana Sayfa\",\"item\":\"https:\/\/tekcevisa.com\/tr\/\"},{\"@type\":\"ListItem\",\"position\":2,\"name\":\"T\u00fcrkiye\u2019nin 2026 Vergi Te\u015fvikleri: Yurt D\u0131\u015f\u0131 Gelirinde %100 Vergi Muafiyetinden Nas\u0131l Yararlan\u0131l\u0131r?\"}]},{\"@type\":\"WebSite\",\"@id\":\"https:\/\/tekcevisa.com\/tr\/#website\",\"url\":\"https:\/\/tekcevisa.com\/tr\/\",\"name\":\"Tekce Visa - Uluslararas\u0131 Hukuki Dan\u0131\u015fmanl\u0131k\",\"description\":\"Uluslararas\u0131 Hukuki Dan\u0131\u015fmanl\u0131k\",\"publisher\":{\"@id\":\"https:\/\/tekcevisa.com\/tr\/#organization\"},\"potentialAction\":[{\"@type\":\"SearchAction\",\"target\":{\"@type\":\"EntryPoint\",\"urlTemplate\":\"https:\/\/tekcevisa.com\/tr\/?s={search_term_string}\"},\"query-input\":{\"@type\":\"PropertyValueSpecification\",\"valueRequired\":true,\"valueName\":\"search_term_string\"}}],\"inLanguage\":\"tr\"},{\"@type\":\"Organization\",\"@id\":\"https:\/\/tekcevisa.com\/tr\/#organization\",\"name\":\"Tekce Visa\",\"url\":\"https:\/\/tekcevisa.com\/tr\/\",\"logo\":{\"@type\":\"ImageObject\",\"inLanguage\":\"tr\",\"@id\":\"https:\/\/tekcevisa.com\/tr\/#\/schema\/logo\/image\/\",\"url\":\"https:\/\/tekcevisa.com\/tr\/wp-content\/uploads\/2025\/08\/ah-tekce-visa-opened-1-removebg-preview.png\",\"contentUrl\":\"https:\/\/tekcevisa.com\/tr\/wp-content\/uploads\/2025\/08\/ah-tekce-visa-opened-1-removebg-preview.png\",\"width\":360,\"height\":360,\"caption\":\"Tekce Visa\"},\"image\":{\"@id\":\"https:\/\/tekcevisa.com\/tr\/#\/schema\/logo\/image\/\"},\"sameAs\":[\"https:\/\/www.instagram.com\/tekcevisa\/\"]},{\"@type\":\"Person\",\"@id\":\"https:\/\/tekcevisa.com\/tr\/#\/schema\/person\/03384b5056b7fa25673aef16a0ebf383\",\"name\":\"Murat Alsancak\",\"image\":{\"@type\":\"ImageObject\",\"inLanguage\":\"tr\",\"@id\":\"https:\/\/tekcevisa.com\/tr\/#\/schema\/person\/image\/\",\"url\":\"https:\/\/secure.gravatar.com\/avatar\/8cdd58ffe37b8a7a058b155e7ad6d5014312ad1575fa97114b21b0715c43a22e?s=96&d=mm&r=g\",\"contentUrl\":\"https:\/\/secure.gravatar.com\/avatar\/8cdd58ffe37b8a7a058b155e7ad6d5014312ad1575fa97114b21b0715c43a22e?s=96&d=mm&r=g\",\"caption\":\"Murat Alsancak\"}}]}<\/script>\n<!-- \/ Yoast SEO plugin. -->","yoast_head_json":{"title":"T\u00fcrkiye'nin 2026 Vergi Te\u015fvi\u011fi: Yurt D\u0131\u015f\u0131 Gelirine 0 Muafiyet","description":"T\u00fcrkiye'nin 2026 vergi te\u015fviklerini ke\u015ffedin: Giri\u015fimciler i\u00e7in 0 yurt d\u0131\u015f\u0131 gelir istisnas\u0131 ve yasal rehberlik detaylar\u0131.","robots":{"index":"index","follow":"follow","max-snippet":"max-snippet:-1","max-image-preview":"max-image-preview:large","max-video-preview":"max-video-preview:-1"},"canonical":"https:\/\/tekcevisa.com\/tr\/turkiyenin-2026-vergi-tesvikleri-yurt-disi-gelirinde-0-vergi-muafiyetinden-nasil-yararlanilir\/","og_locale":"tr_TR","og_type":"article","og_title":"T\u00fcrkiye'nin 2026 Vergi Te\u015fvi\u011fi: Yurt D\u0131\u015f\u0131 Gelirine 0 Muafiyet","og_description":"T\u00fcrkiye'nin 2026 vergi te\u015fviklerini ke\u015ffedin: Giri\u015fimciler i\u00e7in 0 yurt d\u0131\u015f\u0131 gelir istisnas\u0131 ve yasal rehberlik detaylar\u0131.","og_url":"https:\/\/tekcevisa.com\/tr\/turkiyenin-2026-vergi-tesvikleri-yurt-disi-gelirinde-0-vergi-muafiyetinden-nasil-yararlanilir\/","og_site_name":"Tekce Visa","article_publisher":"https:\/\/www.instagram.com\/tekcevisa\/","article_published_time":"2026-04-30T11:39:38+00:00","article_modified_time":"2026-04-30T13:01:46+00:00","og_image":[{"width":360,"height":280,"url":"https:\/\/tekcevisa.com\/tr\/wp-content\/uploads\/2026\/04\/Turkey-2026-Tax-Incentives.webp","type":"image\/webp"}],"author":"Murat Alsancak","twitter_card":"summary_large_image","twitter_misc":{"Yazan:":"Murat Alsancak","Tahmini okuma s\u00fcresi":"5 dakika"},"schema":{"@context":"https:\/\/schema.org","@graph":[{"@type":"Article","@id":"https:\/\/tekcevisa.com\/tr\/turkiyenin-2026-vergi-tesvikleri-yurt-disi-gelirinde-0-vergi-muafiyetinden-nasil-yararlanilir\/#article","isPartOf":{"@id":"https:\/\/tekcevisa.com\/tr\/turkiyenin-2026-vergi-tesvikleri-yurt-disi-gelirinde-0-vergi-muafiyetinden-nasil-yararlanilir\/"},"author":{"name":"Murat Alsancak","@id":"https:\/\/tekcevisa.com\/tr\/#\/schema\/person\/03384b5056b7fa25673aef16a0ebf383"},"headline":"T\u00fcrkiye\u2019nin 2026 Vergi Te\u015fvikleri: Yurt D\u0131\u015f\u0131 Gelirinde %100 Vergi Muafiyetinden Nas\u0131l Yararlan\u0131l\u0131r?","datePublished":"2026-04-30T11:39:38+00:00","dateModified":"2026-04-30T13:01:46+00:00","mainEntityOfPage":{"@id":"https:\/\/tekcevisa.com\/tr\/turkiyenin-2026-vergi-tesvikleri-yurt-disi-gelirinde-0-vergi-muafiyetinden-nasil-yararlanilir\/"},"wordCount":925,"commentCount":0,"publisher":{"@id":"https:\/\/tekcevisa.com\/tr\/#organization"},"image":{"@id":"https:\/\/tekcevisa.com\/tr\/turkiyenin-2026-vergi-tesvikleri-yurt-disi-gelirinde-0-vergi-muafiyetinden-nasil-yararlanilir\/#primaryimage"},"thumbnailUrl":"https:\/\/tekcevisa.com\/tr\/wp-content\/uploads\/2026\/04\/Turkey-2026-Tax-Incentives.webp","articleSection":["Haberler","Hukuki Dan\u0131\u015fmanl\u0131k"],"inLanguage":"tr","potentialAction":[{"@type":"CommentAction","name":"Comment","target":["https:\/\/tekcevisa.com\/tr\/turkiyenin-2026-vergi-tesvikleri-yurt-disi-gelirinde-0-vergi-muafiyetinden-nasil-yararlanilir\/#respond"]}]},{"@type":"WebPage","@id":"https:\/\/tekcevisa.com\/tr\/turkiyenin-2026-vergi-tesvikleri-yurt-disi-gelirinde-0-vergi-muafiyetinden-nasil-yararlanilir\/","url":"https:\/\/tekcevisa.com\/tr\/turkiyenin-2026-vergi-tesvikleri-yurt-disi-gelirinde-0-vergi-muafiyetinden-nasil-yararlanilir\/","name":"T\u00fcrkiye'nin 2026 Vergi Te\u015fvi\u011fi: Yurt D\u0131\u015f\u0131 Gelirine 0 Muafiyet","isPartOf":{"@id":"https:\/\/tekcevisa.com\/tr\/#website"},"primaryImageOfPage":{"@id":"https:\/\/tekcevisa.com\/tr\/turkiyenin-2026-vergi-tesvikleri-yurt-disi-gelirinde-0-vergi-muafiyetinden-nasil-yararlanilir\/#primaryimage"},"image":{"@id":"https:\/\/tekcevisa.com\/tr\/turkiyenin-2026-vergi-tesvikleri-yurt-disi-gelirinde-0-vergi-muafiyetinden-nasil-yararlanilir\/#primaryimage"},"thumbnailUrl":"https:\/\/tekcevisa.com\/tr\/wp-content\/uploads\/2026\/04\/Turkey-2026-Tax-Incentives.webp","datePublished":"2026-04-30T11:39:38+00:00","dateModified":"2026-04-30T13:01:46+00:00","description":"T\u00fcrkiye'nin 2026 vergi te\u015fviklerini ke\u015ffedin: Giri\u015fimciler i\u00e7in 0 yurt d\u0131\u015f\u0131 gelir istisnas\u0131 ve yasal rehberlik detaylar\u0131.","breadcrumb":{"@id":"https:\/\/tekcevisa.com\/tr\/turkiyenin-2026-vergi-tesvikleri-yurt-disi-gelirinde-0-vergi-muafiyetinden-nasil-yararlanilir\/#breadcrumb"},"inLanguage":"tr","potentialAction":[{"@type":"ReadAction","target":["https:\/\/tekcevisa.com\/tr\/turkiyenin-2026-vergi-tesvikleri-yurt-disi-gelirinde-0-vergi-muafiyetinden-nasil-yararlanilir\/"]}]},{"@type":"ImageObject","inLanguage":"tr","@id":"https:\/\/tekcevisa.com\/tr\/turkiyenin-2026-vergi-tesvikleri-yurt-disi-gelirinde-0-vergi-muafiyetinden-nasil-yararlanilir\/#primaryimage","url":"https:\/\/tekcevisa.com\/tr\/wp-content\/uploads\/2026\/04\/Turkey-2026-Tax-Incentives.webp","contentUrl":"https:\/\/tekcevisa.com\/tr\/wp-content\/uploads\/2026\/04\/Turkey-2026-Tax-Incentives.webp","width":360,"height":280},{"@type":"BreadcrumbList","@id":"https:\/\/tekcevisa.com\/tr\/turkiyenin-2026-vergi-tesvikleri-yurt-disi-gelirinde-0-vergi-muafiyetinden-nasil-yararlanilir\/#breadcrumb","itemListElement":[{"@type":"ListItem","position":1,"name":"Ana Sayfa","item":"https:\/\/tekcevisa.com\/tr\/"},{"@type":"ListItem","position":2,"name":"T\u00fcrkiye\u2019nin 2026 Vergi Te\u015fvikleri: Yurt D\u0131\u015f\u0131 Gelirinde %100 Vergi Muafiyetinden Nas\u0131l Yararlan\u0131l\u0131r?"}]},{"@type":"WebSite","@id":"https:\/\/tekcevisa.com\/tr\/#website","url":"https:\/\/tekcevisa.com\/tr\/","name":"Tekce Visa - Uluslararas\u0131 Hukuki Dan\u0131\u015fmanl\u0131k","description":"Uluslararas\u0131 Hukuki Dan\u0131\u015fmanl\u0131k","publisher":{"@id":"https:\/\/tekcevisa.com\/tr\/#organization"},"potentialAction":[{"@type":"SearchAction","target":{"@type":"EntryPoint","urlTemplate":"https:\/\/tekcevisa.com\/tr\/?s={search_term_string}"},"query-input":{"@type":"PropertyValueSpecification","valueRequired":true,"valueName":"search_term_string"}}],"inLanguage":"tr"},{"@type":"Organization","@id":"https:\/\/tekcevisa.com\/tr\/#organization","name":"Tekce Visa","url":"https:\/\/tekcevisa.com\/tr\/","logo":{"@type":"ImageObject","inLanguage":"tr","@id":"https:\/\/tekcevisa.com\/tr\/#\/schema\/logo\/image\/","url":"https:\/\/tekcevisa.com\/tr\/wp-content\/uploads\/2025\/08\/ah-tekce-visa-opened-1-removebg-preview.png","contentUrl":"https:\/\/tekcevisa.com\/tr\/wp-content\/uploads\/2025\/08\/ah-tekce-visa-opened-1-removebg-preview.png","width":360,"height":360,"caption":"Tekce Visa"},"image":{"@id":"https:\/\/tekcevisa.com\/tr\/#\/schema\/logo\/image\/"},"sameAs":["https:\/\/www.instagram.com\/tekcevisa\/"]},{"@type":"Person","@id":"https:\/\/tekcevisa.com\/tr\/#\/schema\/person\/03384b5056b7fa25673aef16a0ebf383","name":"Murat Alsancak","image":{"@type":"ImageObject","inLanguage":"tr","@id":"https:\/\/tekcevisa.com\/tr\/#\/schema\/person\/image\/","url":"https:\/\/secure.gravatar.com\/avatar\/8cdd58ffe37b8a7a058b155e7ad6d5014312ad1575fa97114b21b0715c43a22e?s=96&d=mm&r=g","contentUrl":"https:\/\/secure.gravatar.com\/avatar\/8cdd58ffe37b8a7a058b155e7ad6d5014312ad1575fa97114b21b0715c43a22e?s=96&d=mm&r=g","caption":"Murat Alsancak"}}]}},"_links":{"self":[{"href":"https:\/\/tekcevisa.com\/tr\/wp-json\/wp\/v2\/posts\/5617","targetHints":{"allow":["GET"]}}],"collection":[{"href":"https:\/\/tekcevisa.com\/tr\/wp-json\/wp\/v2\/posts"}],"about":[{"href":"https:\/\/tekcevisa.com\/tr\/wp-json\/wp\/v2\/types\/post"}],"author":[{"embeddable":true,"href":"https:\/\/tekcevisa.com\/tr\/wp-json\/wp\/v2\/users\/8"}],"replies":[{"embeddable":true,"href":"https:\/\/tekcevisa.com\/tr\/wp-json\/wp\/v2\/comments?post=5617"}],"version-history":[{"count":6,"href":"https:\/\/tekcevisa.com\/tr\/wp-json\/wp\/v2\/posts\/5617\/revisions"}],"predecessor-version":[{"id":5627,"href":"https:\/\/tekcevisa.com\/tr\/wp-json\/wp\/v2\/posts\/5617\/revisions\/5627"}],"wp:featuredmedia":[{"embeddable":true,"href":"https:\/\/tekcevisa.com\/tr\/wp-json\/wp\/v2\/media\/5618"}],"wp:attachment":[{"href":"https:\/\/tekcevisa.com\/tr\/wp-json\/wp\/v2\/media?parent=5617"}],"wp:term":[{"taxonomy":"category","embeddable":true,"href":"https:\/\/tekcevisa.com\/tr\/wp-json\/wp\/v2\/categories?post=5617"},{"taxonomy":"post_tag","embeddable":true,"href":"https:\/\/tekcevisa.com\/tr\/wp-json\/wp\/v2\/tags?post=5617"}],"curies":[{"name":"wp","href":"https:\/\/api.w.org\/{rel}","templated":true}]}}